{"id":1544,"date":"2016-02-29T17:13:44","date_gmt":"2016-02-29T16:13:44","guid":{"rendered":"http:\/\/www.valerie-brenugat.fr\/site\/?p=1544"},"modified":"2016-02-29T18:48:45","modified_gmt":"2016-02-29T17:48:45","slug":"revue-de-web-fevrier","status":"publish","type":"post","link":"http:\/\/www.valerie-brenugat.fr\/site\/revue-de-web-fevrier\/","title":{"rendered":"REVUE DE WEB FEVRIER"},"content":{"rendered":"<p>Les articles retenus dans cette revue de web traitent des enjeux des communicants dans l\u2019entreprise, de la communication des chercheurs, des r\u00e9actions des twittos sur le nucl\u00e9aire et de la difficult\u00e9 du choix d\u2019un logo.<\/p>\n<h2>La communication, l\u2019entreprise et le chercheur<\/h2>\n<p>Dans <a href=\"http:\/\/brandnewsblog.com\/2016\/01\/31\/quels-enjeux-pour-les-directeurs-de-la-communication-et-leurs-equipes-en-2016\/\" target=\"_blank\">son article<\/a>\u00a0sur brandnewsblog.com, Herv\u00e9 Monier a interrog\u00e9 Pierre Auberger, directeur de la communication du Groupe Bouygues et Anne-Gabrielle Dauba-Pantanacce, directrice de la communication et des relations presse de Google France sur les enjeux des communicants en 2016. \u00a0De ces entretiens, il en ressort que le directeur de communication doit \u00eatre en veille permanente sur le web, \u00eatre tr\u00e8s r\u00e9actif et plus transparent. \u00a0\u00a0Devenu un chef d\u2019orchestre, il travaille main dans la main avec les diff\u00e9rentes directions (marketing, juridique, affaires publiques\u2026). En outre, les <strong>r\u00e9seaux sociaux <\/strong>deviennent les premi\u00e8res sources d\u2019information du public. Ainsi, \u00a0l\u2019audience est de plus en plus fragment\u00e9e et versatile. L\u2019information \u00a0est \u00e9galement diffus\u00e9e \u00a0tr\u00e8s rapidement parmi les parties prenantes de l\u2019entreprise. \u00a0De plus, les messages doivent \u00eatre adapt\u00e9s aux diff\u00e9rents supports, tout en conservant une coh\u00e9rence. \u00a0Le communicant doit \u00a0donc \u00eatre dans l\u2019\u00e9coute, l\u2019authenticit\u00e9 et l\u2019action.<\/p>\n<p>La communication est aussi une affaire de chercheurs. Dans <a href=\"https:\/\/theconversation.com\/communiquer-la-science-comment-ecrire-pour-ne-pas-etre-compris-53893\" target=\"_blank\">son article<\/a> du site Internet The Conservation, Michael J. I. Brown, professeur associ\u00e9 de l\u2019universit\u00e9 Monash, livre des astuces\u00a0 aux <strong>chercheurs<\/strong> pour \u00eatre lu. Il conseille la forme active, des images avec des l\u00e9gendes correctement r\u00e9dig\u00e9es et compr\u00e9hensibles par le public. Les auteurs doivent aussi \u00e9viter d\u2019utiliser un jargon inutile et des acronymes \u00a0et de suivre la chronologie de leur recherche. Mais ils ne doivent pas prendre des pr\u00e9cautions excessives. Enfin, ils doivent montrer l\u2019int\u00e9r\u00eat de leurs \u00e9tudes et de leur intuition scientifique.<\/p>\n<h2>Du nucl\u00e9aire au logo<\/h2>\n<p>Quant \u00e0 la communication sur le nucl\u00e9aire, elle est \u00e9galement trait\u00e9e dans <a href=\"https:\/\/theconversation.com\/apres-laccident-de-bure-ce-que-nous-dit-twitter-du-debat-sur-le-nucleaire-54280\" target=\"_blank\">un autre article<\/a> du site Internet de The Conservation. \u00a0Vincent Carlino, doctorant en Sciences de l&rsquo;information et de la communication de l\u2019universit\u00e9 de Lorraine, a \u00e9tudi\u00e9 les r\u00e9actions sur <strong>Twitter<\/strong> \u00e0 la suite de l\u2019accident sur le site de l\u2019Agence nationale pour la gestion des d\u00e9chets radioactifs \u00e0 Bure. \u00a0Celui-ci est destin\u00e9 \u00e0 l\u2019exp\u00e9rimentation de la technique de stockage g\u00e9ologique profond des d\u00e9chets radioactifs. \u00a0Apr\u00e8s l\u2019accident du 26 janvier dernier, plus de 1 500 tweets sur cet accident ont \u00e9t\u00e9 enregistr\u00e9s. L\u2019inventaire des r\u00e9actions sur les r\u00e9seaux sociaux permet de saisir la vari\u00e9t\u00e9 des prises de position. Les questionnements sur la localisation de l\u2019incident ont suscit\u00e9 le plus de tweets. Les twittos ont \u00e9galement cherch\u00e9 \u00e0 savoir si des mati\u00e8res radioactives sont li\u00e9es \u00e0 l\u2019accident. Face au flou des m\u00e9dias sur la pr\u00e9sence \u00e9ventuelle de d\u00e9chets radioactifs \u00e0 Bure, des twittos ont d\u00e9nonc\u00e9 les m\u00e9dias qui ont exploit\u00e9 le doute afin de g\u00e9n\u00e9rer du trafic sur fond de catastrophe nucl\u00e9aire. D\u00e9battre de la pr\u00e9sence de mati\u00e8res radioactives a \u00e9t\u00e9 ainsi une mani\u00e8re d\u2019identifier les responsables suppos\u00e9s de la catastrophe, les d\u00e9cideurs politiques et industriels du projet.<\/p>\n<p><img loading=\"lazy\" class=\"alignleft size-full wp-image-1553\" src=\"http:\/\/www.valerie-brenugat.fr\/site\/wp-content\/uploads\/2016\/02\/BFM-nucleaire.jpg\" alt=\"BFM nucleaire\" width=\"536\" height=\"532\" srcset=\"http:\/\/www.valerie-brenugat.fr\/site\/wp-content\/uploads\/2016\/02\/BFM-nucleaire.jpg 536w, http:\/\/www.valerie-brenugat.fr\/site\/wp-content\/uploads\/2016\/02\/BFM-nucleaire-150x150.jpg 150w, http:\/\/www.valerie-brenugat.fr\/site\/wp-content\/uploads\/2016\/02\/BFM-nucleaire-300x298.jpg 300w\" sizes=\"(max-width: 536px) 100vw, 536px\" \/><\/p>\n<p>&nbsp;<\/p>\n<p>&nbsp;<\/p>\n<p>&nbsp;<\/p>\n<p>&nbsp;<\/p>\n<p>&nbsp;<\/p>\n<p>&nbsp;<\/p>\n<p>&nbsp;<\/p>\n<p>&nbsp;<\/p>\n<p>&nbsp;<\/p>\n<p>&nbsp;<\/p>\n<p>&nbsp;<\/p>\n<p>&nbsp;<\/p>\n<p>Les principales interrogations trait\u00e9es dans les tweets ont port\u00e9 sur \u00a0la gestion du nucl\u00e9aire par les g\u00e9n\u00e9rations futures et les enjeux \u00e9thiques du d\u00e9p\u00f4t sous terre des d\u00e9chets nucl\u00e9aires pendant pr\u00e8s de mille si\u00e8cles. Malgr\u00e9 les divergences de points de vue, les r\u00e9actions des individus ont montr\u00e9 des pr\u00e9occupations communes avec l\u2019<strong>industrie nucl\u00e9aire<\/strong>. Environ trois jours apr\u00e8s l\u2019accident, les \u00e9changes sont rest\u00e9s tr\u00e8s critiques envers les d\u00e9cideurs mais ils ont not\u00e9 n\u00e9anmoins une responsabilit\u00e9 collective dans l\u2019augmentation du co\u00fbt de l\u2019industrie nucl\u00e9aire. Enfin, une minorit\u00e9 de tweets lors des trois semaines observ\u00e9es par le chercheur ont t\u00e9moign\u00e9 une volont\u00e9 d\u2019apporter des \u00e9l\u00e9ments de terrain au d\u00e9bat.<\/p>\n<p>Le choix d\u2019un <strong>logo<\/strong> peut aussi \u00eatre un casse-t\u00eate. Le site Internet Influencia pr\u00e9sente une <a href=\"http:\/\/www.influencia.net\/fr\/actualites\/in,tendances,aimes-logo,5993.html\" target=\"_blank\">infographie<\/a> o\u00f9 la plateforme de cr\u00e9ation participative fran\u00e7aise Creads dresse le portrait robot du code visuel id\u00e9al. Selon l&rsquo;infographie, les entrepreneurs et les directions marketing ont choisi des designs \u00e9pur\u00e9s et sobres en 2015. Le noir a \u00e9t\u00e9 la couleur dominante des logos. Puis le bleu (19%), le rouge (10%), le vert (9%) et le gris (8%) ont \u00e9t\u00e9 les plus utilis\u00e9s. Par ailleurs, les logos bicolores\u00a0 dominent (64%). Le style minimaliste Flat Design ont s\u00e9duit 78% des marques\u00a0 pour une plus grande lisibilit\u00e9. Par ailleurs, pr\u00e8s de 80% des logos utilisaient des polices b\u00e2ton comme la \u00ab\u00a0Lato\u00a0\u00bb, la \u00ab\u00a0Neo Sans\u00a0\u00bb et \u00a0l\u2019\u00a0\u00bbArial\u00a0\u00bb.<\/p>\n","protected":false},"excerpt":{"rendered":"<p>Les articles retenus dans cette revue de web traitent des enjeux des communicants dans l\u2019entreprise, de la communication des chercheurs, des r\u00e9actions des twittos sur le nucl\u00e9aire et de la difficult\u00e9 du choix d\u2019un logo. La communication, l\u2019entreprise et le&#8230;<\/p>\n","protected":false},"author":1,"featured_media":1545,"comment_status":"closed","ping_status":"closed","sticky":false,"template":"","format":"standard","meta":[],"categories":[346],"tags":[347,194,289,63,154,292,349,24,342,348,14,109],"_links":{"self":[{"href":"http:\/\/www.valerie-brenugat.fr\/site\/wp-json\/wp\/v2\/posts\/1544"}],"collection":[{"href":"http:\/\/www.valerie-brenugat.fr\/site\/wp-json\/wp\/v2\/posts"}],"about":[{"href":"http:\/\/www.valerie-brenugat.fr\/site\/wp-json\/wp\/v2\/types\/post"}],"author":[{"embeddable":true,"href":"http:\/\/www.valerie-brenugat.fr\/site\/wp-json\/wp\/v2\/users\/1"}],"replies":[{"embeddable":true,"href":"http:\/\/www.valerie-brenugat.fr\/site\/wp-json\/wp\/v2\/comments?post=1544"}],"version-history":[{"count":8,"href":"http:\/\/www.valerie-brenugat.fr\/site\/wp-json\/wp\/v2\/posts\/1544\/revisions"}],"predecessor-version":[{"id":1555,"href":"http:\/\/www.valerie-brenugat.fr\/site\/wp-json\/wp\/v2\/posts\/1544\/revisions\/1555"}],"wp:featuredmedia":[{"embeddable":true,"href":"http:\/\/www.valerie-brenugat.fr\/site\/wp-json\/wp\/v2\/media\/1545"}],"wp:attachment":[{"href":"http:\/\/www.valerie-brenugat.fr\/site\/wp-json\/wp\/v2\/media?parent=1544"}],"wp:term":[{"taxonomy":"category","embeddable":true,"href":"http:\/\/www.valerie-brenugat.fr\/site\/wp-json\/wp\/v2\/categories?post=1544"},{"taxonomy":"post_tag","embeddable":true,"href":"http:\/\/www.valerie-brenugat.fr\/site\/wp-json\/wp\/v2\/tags?post=1544"}],"curies":[{"name":"wp","href":"https:\/\/api.w.org\/{rel}","templated":true}]}}