{"id":1561,"date":"2016-03-31T13:49:55","date_gmt":"2016-03-31T12:49:55","guid":{"rendered":"http:\/\/www.valerie-brenugat.fr\/site\/?p=1561"},"modified":"2016-03-31T13:49:55","modified_gmt":"2016-03-31T12:49:55","slug":"revue-de-web-mars","status":"publish","type":"post","link":"http:\/\/www.valerie-brenugat.fr\/site\/revue-de-web-mars\/","title":{"rendered":"REVUE DE WEB MARS"},"content":{"rendered":"<p>Le journalisme sant\u00e9, la communication de l\u2019enseignement sup\u00e9rieur, la transformation num\u00e9rique et le surf sur Internet sont les mots cl\u00e9s de cette revue de web.<\/p>\n<h2>De la sant\u00e9 \u00e0 la transformation num\u00e9rique<\/h2>\n<p><a href=\"http:\/\/culture-rp.com\/2016\/02\/25\/enquete-les-nouvelles-pratiques-du-journalisme-de-sante-par-largus-de-la-presse-et-capital-image\/\" target=\"_blank\">Culture RP<\/a> a interview\u00e9 Barbara Letscher, International Relations Officer \u00e0 \u00a0l\u2019Argus de la presse \u00e0 propos de l\u2019enqu\u00eate men\u00e9e par l\u2019Argus de la presse et Capital Image sur \u00abLes nouvelles pratiques du journalisme de sant\u00e9 \u00bb.\u00a0 Selon l\u2019\u00e9tude, \u00a077 % des journalistes qui traitent des questions de <strong>sant\u00e9<\/strong> sont des femmes et travaillent principalement pour la presse \u00e9crite. Lors d\u2019interviews, 89% des journalistes s\u2019adressent \u00e0 des m\u00e9decins et 51% vers des associations de patients et aidants. 85 % des journalistes collaborent avec les services de presse des institutions, entreprises et associations et 64 % avec les agences de Relations presse et Relations publiques principalement sp\u00e9cialis\u00e9es dans la sant\u00e9. Pr\u00e8s d\u2019un journaliste sant\u00e9 sur deux regrette l\u2019obligation de devoir produire ses papiers sans avoir le temps de toujours v\u00e9rifier ses sources ou documenter son sujet. Il pr\u00e9conise aussi une formation sp\u00e9cifique dans les \u00e9coles de journalisme, plus de temps pour r\u00e9aliser l\u2019enqu\u00eate, la mise en place d\u2019un label type HON (Health On Net) pour les informations en ligne et une professionnalisation de la communication.<\/p>\n<p>L<strong>\u2019enseignement sup\u00e9rieur<\/strong> connait une communication tr\u00e8s sp\u00e9cifique.\u00a0 Dans un\u00a0<a href=\"http:\/\/brandnewsblog.com\/2016\/03\/13\/education-la-communication-et-lenseignement-des-grandes-ecoles-et-universites-en-pleine-transformation\/\" target=\"_blank\">article<\/a>\u00a0de son blog, Herv\u00e9 Monier a, entre autres, interrog\u00e9 Claire Laval-Jocteur, directrice de la communication de l\u2019universit\u00e9 Pierre et Marie Curie (UMPC) et pr\u00e9sidente de l\u2019Association des responsables communication de l\u2019enseignement sup\u00e9rieur (Arces). Elle a\u00a0 men\u00e9 une r\u00e9flexion sur une plateforme de marque il y a 5 ans pour l\u2019UMPC. L\u2019objectif de cette action \u00e9tait d\u2019explorer l\u2019image, la perception et le ressenti de l\u2019UPMC aupr\u00e8s de sa communaut\u00e9 afin de \u00a0construire une image de l\u2019UPMC unifi\u00e9e. Ce travail a \u00e9t\u00e9 r\u00e9alis\u00e9 autour de 3 axes : les racines\u00a0 et les potentiels, la mission, les sp\u00e9cificit\u00e9s et les diff\u00e9rences de l\u2019UPMC. Cette m\u00e9thodologie a permis, ensuite,\u00a0 de d\u00e9finir la strat\u00e9gie de communication de l\u2019universit\u00e9, cr\u00e9er les messages-cl\u00e9s et d\u00e9terminer la signature la plus adapt\u00e9e \u00e0 l\u2019identit\u00e9 de l\u2019universit\u00e9.<\/p>\n<p>Selon\u00a0 l\u2019Observatoire des m\u00e9tiers de la communication r\u00e9alis\u00e9 par l\u2019Arces,\u00a0 81 % des communicants dans l\u2019enseignement sup\u00e9rieur sont des femmes de 40 ans exer\u00e7ant des fonctions de communication depuis plus de 6 ans. 88% ont un bac +4\/5. En outre, le communicant de l\u2019enseignement sup\u00e9rieur d\u00e9veloppe l\u2019image de son \u00e9tablissement (89%), f\u00e9d\u00e8re sa communaut\u00e9 et cr\u00e9e un sentiment d\u2019appartenance (65%) et favorise le recrutement des meilleurs \u00e9tudiants (59%). Par ailleurs, la derni\u00e8re enqu\u00eate r\u00e9alis\u00e9e en 2015, a r\u00e9v\u00e9l\u00e9 la mont\u00e9e en puissance du digital et de la fonction communication dans\u00a0 la strat\u00e9gie de l\u2019\u00e9tablissement ainsi que le poids des rankings (classement) des \u00e9tablissements.<\/p>\n<p>Les entreprises subissent aussi une <strong>transformation num\u00e9rique<\/strong>. L\u2019Usine Digitale a comment\u00e9 une <a href=\"http:\/\/www.usine-digitale.fr\/article\/video-le-vp-digital-communication-de-renault-theorise-la-peur-du-numerique.N384188\" target=\"_blank\">vid\u00e9o<\/a> r\u00e9alis\u00e9e par l&rsquo;Institut Fabernovel dans laquelle Benedikt Benenati\u00a0 le VP, Digital Communications de Renault, expose sa strat\u00e9gie de communication sur la transformation num\u00e9rique. Selon lui, les personnes n&rsquo;aiment pas partager, et ont peur du num\u00e9rique. Pour lutter contre ces angoisses, il faut \u00ab\u00a0injecter un peu de joie\u00a0\u00bb. Enfin, il conseille les entreprises \u00e0 d\u00e9stabiliser leurs salari\u00e9s de mani\u00e8re positive et bienveillante.<\/p>\n<p><iframe loading=\"lazy\" src=\"https:\/\/www.youtube.com\/embed\/QERA7svwXGc\" width=\"863\" height=\"720\" frameborder=\"0\" allowfullscreen=\"allowfullscreen\"><\/iframe><\/p>\n<h2>M\u00e9diam\u00e9trie et Olf\u00e9o<\/h2>\n<p>Les pratiques du <strong>num\u00e9rique<\/strong> des fran\u00e7ais ont \u00e9volu\u00e9. Selon Christophe Bys, journaliste pour le site Internet de l\u2019<a href=\"http:\/\/www.usine-digitale.fr\/article\/les-internautes-francais-sont-multi-ecrans-et-tres-tres-sociaux-selon-mediametrie.N381668\" target=\"_blank\">Usine Digitale<\/a>, \u00a0le dernier rapport annuel de Mediam\u00e9trie note que pr\u00e8s de 70 % des Fran\u00e7ais ont un acc\u00e8s soit par t\u00e9l\u00e9phone mobile, soit par tablette. De plus, 81,2 % des Fran\u00e7ais, soit 42 millions de personnes acc\u00e8dent \u00e0 Internet. En outre, 96,4 % des 15-24 ans et 96,9 % des 25-34 ans disposent \u00a0d\u2019un smartphone. La part descend \u00e0 86,2 % pour les 35-49 ans et \u00e0 63,1 % pour les 50-64 ans. Les fran\u00e7ais les plus \u00e9quip\u00e9s de tablettes sont les 35-49 ans (56,8 %) et les 25-34 ans (53,9%). Ces internautes multi-\u00e9quip\u00e9es pr\u00e9f\u00e8rent les blogs et les sites communautaires (20,5 % de l\u2019audience) aux sites d\u2019actualit\u00e9 (14,7 %) et de vid\u00e9os et de cin\u00e9ma (12,4 %). Par ailleurs, M\u00e9diam\u00e9trie indique qu\u2019entre 17 et 21 heures, les personnes sont connect\u00e9es par t\u00e9l\u00e9phone mobile (33 %), l\u2019ordinateur (29 %), et les tablettes (12 %). 47 % du temps pass\u00e9 sur Internet depuis un ordinateur sert \u00e0 consulter des m\u00e9dias en ligne, 31 % des services et 22 % aux outils de communications (mail, messagerie instantan\u00e9e\u2026).<\/p>\n<p>Quand les fran\u00e7ais surfent au travail, ils privil\u00e9gient certains sites Internet. Le <a href=\"http:\/\/www.blogdumoderateur.com\/top-20-des-sites-les-plus-visites-au-bureau-2015\/\" target=\"_blank\">Blog du Mod\u00e9rateur<\/a> a pr\u00e9sent\u00e9 l&rsquo;\u00e9tude d&rsquo;Olf\u00e9o, sp\u00e9cialiste des proxies, sur le <strong>surf personnel au bureau<\/strong>. En moyenne 1h15 par jour est consacr\u00e9 au surf sur Internet pour des raisons personnelles. Olf\u00e9o a donc list\u00e9 les 20 premiers sites les plus visit\u00e9s au bureau. Le Top 5 est stable depuis 3 ans : YouTube, Facebook et Wikipedia. En revanche, les Pages jaunes, l\u2019Equipe ou AlloCin\u00e9 sont les nouveaux entrants. Enfin, \u00a0seulement 2 r\u00e9seaux sociaux figurent dans le Top 20 : Facebook et LinkedIn.<\/p>\n","protected":false},"excerpt":{"rendered":"<p>Le journalisme sant\u00e9, la communication de l\u2019enseignement sup\u00e9rieur, la transformation num\u00e9rique et le surf sur Internet sont les mots cl\u00e9s de cette revue de web. De la sant\u00e9 \u00e0 la transformation num\u00e9rique Culture RP a interview\u00e9 Barbara Letscher, International Relations&#8230;<\/p>\n","protected":false},"author":1,"featured_media":1562,"comment_status":"closed","ping_status":"closed","sticky":false,"template":"","format":"standard","meta":[],"categories":[351],"tags":[64,63,272,134,24,25,356,353,65,42,121,355,310,354,165,352,271],"_links":{"self":[{"href":"http:\/\/www.valerie-brenugat.fr\/site\/wp-json\/wp\/v2\/posts\/1561"}],"collection":[{"href":"http:\/\/www.valerie-brenugat.fr\/site\/wp-json\/wp\/v2\/posts"}],"about":[{"href":"http:\/\/www.valerie-brenugat.fr\/site\/wp-json\/wp\/v2\/types\/post"}],"author":[{"embeddable":true,"href":"http:\/\/www.valerie-brenugat.fr\/site\/wp-json\/wp\/v2\/users\/1"}],"replies":[{"embeddable":true,"href":"http:\/\/www.valerie-brenugat.fr\/site\/wp-json\/wp\/v2\/comments?post=1561"}],"version-history":[{"count":8,"href":"http:\/\/www.valerie-brenugat.fr\/site\/wp-json\/wp\/v2\/posts\/1561\/revisions"}],"predecessor-version":[{"id":1571,"href":"http:\/\/www.valerie-brenugat.fr\/site\/wp-json\/wp\/v2\/posts\/1561\/revisions\/1571"}],"wp:featuredmedia":[{"embeddable":true,"href":"http:\/\/www.valerie-brenugat.fr\/site\/wp-json\/wp\/v2\/media\/1562"}],"wp:attachment":[{"href":"http:\/\/www.valerie-brenugat.fr\/site\/wp-json\/wp\/v2\/media?parent=1561"}],"wp:term":[{"taxonomy":"category","embeddable":true,"href":"http:\/\/www.valerie-brenugat.fr\/site\/wp-json\/wp\/v2\/categories?post=1561"},{"taxonomy":"post_tag","embeddable":true,"href":"http:\/\/www.valerie-brenugat.fr\/site\/wp-json\/wp\/v2\/tags?post=1561"}],"curies":[{"name":"wp","href":"https:\/\/api.w.org\/{rel}","templated":true}]}}