{"id":1889,"date":"2017-07-31T18:59:58","date_gmt":"2017-07-31T17:59:58","guid":{"rendered":"http:\/\/www.valerie-brenugat.fr\/site\/?p=1889"},"modified":"2017-08-31T19:00:28","modified_gmt":"2017-08-31T18:00:28","slug":"revue-de-web-juillet-2","status":"publish","type":"post","link":"http:\/\/www.valerie-brenugat.fr\/site\/revue-de-web-juillet-2\/","title":{"rendered":"REVUE DE WEB JUILLET"},"content":{"rendered":"<p>M\u00e9diation scientifique, communication des groupes activistes, m\u00e9dias et r\u00e9seaux sociaux\u00a0: voici des sujets qui s\u2019entrecroisent dans cette revue de web estivale.<\/p>\n<h2>De You Tube aux groupes activistes<\/h2>\n<p>Les r\u00e9seaux sociaux permettent de diffuser la culture scientifique vers les adolescents. Dans son article du site Internet <a href=\"https:\/\/theconversation.com\/youtube-et-la-mediation-des-sciences-un-mariage-de-raison-80516?\" target=\"_blank\" rel=\"noopener\">The Conversation<\/a>, Julien Falgas, chercheur correspondant du Centre de recherche sur les m\u00e9diations de l\u2019universit\u00e9 de Lorraine, pr\u00e9sente plusieurs acteurs du petit monde de la vid\u00e9o scientifique. Il cite le m\u00e9moire de Sandrine Philippe sur la place de YouTube dans le centre de documentation et d&rsquo;information. Il en ressort pour regarder des <strong>vid\u00e9os<\/strong> sur Internet, YouTube est le point d\u2019entr\u00e9e principal pour les coll\u00e9giens et lyc\u00e9ens. Des cha\u00eenes telles que Trash, Nota Bene, Experiment Boy ou Dirty Biology r\u00e9unissent entre 500 000 \u00e0 1 million d\u2019abonn\u00e9s. Pour totaliser plusieurs centaines de milliers de vues, les vid\u00e9os font appel \u00e0 des images et des titres parfois racoleurs. Mais la recette semble faire merveille aupr\u00e8s des lyc\u00e9ens. Toutefois, Sandrine Philippe constate que la popularit\u00e9 d\u2019une vid\u00e9o est souvent un argument d\u2019autorit\u00e9 pour les adolescents. Par ailleurs, Josselin Aubr\u00e9e (Esprit Sorcier) et Thomas Durand (La Tronche en Biais) rencontrent des difficult\u00e9s pour combattre les discours id\u00e9ologiques ou complotistes.<\/p>\n<p>Reposant sur le mod\u00e8le publicitaire, YouTube cherche \u00e0 maximiser le nombre d\u2019affichages. Ses algorithmes conseillent les contenus les plus populaires parmi ceux qui semblent pertinents en fonction de l\u2019historique de consultation de l\u2019internaute. Pour contrecarrer cette tendance, le Caf\u00e9 des Sciences r\u00e9unit des producteurs de contenus de vulgarisation : vid\u00e9os, billets de blogs, spots audios et illustrations. Le vulgarisateur en herbe souhaitant rejoindre cette association doit soumettre sa candidature \u00e0 l\u2019\u00e9valuation de ses pairs. Les membres sont encourag\u00e9s \u00e0 se relire mutuellement et \u00e0 partager entre eux l\u2019acc\u00e8s aux ressources scientifiques. Selon Pierre Kerner, enseignant-chercheur et fondateur de la plateforme Vid\u00e9osciences, son objectif est de contribuer \u00e0 diffuser la culture scientifique au sein de la soci\u00e9t\u00e9.<\/p>\n<p><iframe loading=\"lazy\" src=\"https:\/\/www.youtube.com\/embed\/oMBc2SzvezI\" width=\"600\" height=\"355\" frameborder=\"0\" allowfullscreen=\"allowfullscreen\"><\/iframe><\/p>\n<p>Mais les r\u00e9seaux sociaux sont des vecteurs de communication pour des groupes activistes. Dans le <a href=\"http:\/\/www.leblogducommunicant2-0.com\/2017\/07\/15\/reseaux-sociaux-comment-des-minorites-dinteret-obtiennent-un-echo-mediatique-parfois-disproportionne-et-que-faire\/\" target=\"_blank\" rel=\"noopener\">Blog du Communicant2.0<\/a>, Olivier Cimeli\u00e8re d\u00e9crypte la communication de certaines <strong>minorit\u00e9s d\u2019int\u00e9r\u00eat<\/strong>. Les m\u00e9dias sociaux leur permettent de provoquer le d\u00e9bat sur leurs sujets pol\u00e9miques, engendrer des actions spectaculaires sur le terrain et les relayer ensuite parmi leurs communaut\u00e9s digitales. Mais l\u2019objectif principal de ces communications est d\u2019attirer l\u2019attention des m\u00e9dias classiques.<\/p>\n<p>Edelman Trust Barometer ne cesse d\u2019observer une d\u00e9fiance soci\u00e9tale depuis 17 ans. Au d\u00e9part, une m\u00e9fiance \u00e9tait essentiellement exprim\u00e9e contre les d\u00e9cideurs politiques, les m\u00e9dias traditionnels et quelques secteurs sensibles tels que la chimie, le nucl\u00e9aire, le tabac&#8230; Aujourd\u2019hui, la derni\u00e8re \u00e9dition de l\u2019Edelman Trust Barometer note ainsi que les ONG et les grands noms de la Silicon Valley commencent \u00e0 cristalliser des ranc\u0153urs. Si elles sont souvent mineures, elles peuvent mobiliser bien au-del\u00e0 du nombre r\u00e9el de personnes impliqu\u00e9es dans une cause donn\u00e9e. En France, r\u00e9cemment, deux cas touchant la sant\u00e9 et l\u2019agroalimentaire illustrent cette tendance.<\/p>\n<p>La mobilisation anti-vaccin en est un exemple. Une page Facebook a ainsi \u00e9t\u00e9 cr\u00e9\u00e9e pour r\u00e9clamer la libert\u00e9 de choix concernant les vaccins. 3500 sympathisants ont d\u00e9j\u00e0 \u00ab lik\u00e9\u00a0\u00bb la page. En revanche, plus de 334 000 personnes ont sign\u00e9 \u00e0 ce jour une p\u00e9tition en ligne intitul\u00e9e \u00ab Contre la R\u00e9publique des vaccins \u00bb. Une p\u00e9tition lanc\u00e9e par le Pr Henri Joyeux radi\u00e9 de l\u2019Ordre des M\u00e9decins en 2016, a, quant \u00e0 elle, rassembl\u00e9 plus de 1,1 millions de signatures.<\/p>\n<p>Autre exemple\u00a0: l\u2019association L214 qui milite pour l\u2019\u00e9radication de tout produit d\u2019origine animale et la marque bretonne de p\u00e2t\u00e9s en conserve H\u00e9naff. Le 28 juin, des militants mettent en ligne deux vid\u00e9os provenant de cam\u00e9ras cach\u00e9es dans deux \u00e9levages porcins suppos\u00e9s \u00eatre des fournisseurs de l\u2019industriel H\u00e9naff. Ces images montrent des cochons dans un \u00e9tat sanitaire d\u00e9plorable o\u00f9 certains figurent mutil\u00e9s et vivent au milieu des d\u00e9jections. Avec plus de 53 000 vues sur sa cha\u00eene YouTube, 354 000 vues sur sa page Facebook et une p\u00e9tition de 67 000 signatures, L214 accuse la soci\u00e9t\u00e9 H\u00e9naff d\u2019\u00eatre complice de la maltraitance animale. Si l\u2019entreprise ne tarde pas \u00e0 r\u00e9pliquer \u00e0 cette attaque avec un communiqu\u00e9 de presse publi\u00e9 le 29 juin dernier, sa strat\u00e9gie de riposte consiste \u00e0 mettre en doute la v\u00e9racit\u00e9 des images des \u00e9levages dont il reste \u00e0 d\u00e9montrer qu\u2019il s\u2019agit bien de fournisseurs de celle-ci avant d\u2019ajouter (5) : \u00ab Avec ces images, L214 jette l\u2019opprobre sur une entreprise de 110 ans, engag\u00e9e depuis toujours pour la qualit\u00e9 de ses produits. Ses activistes ne visent qu\u2019\u00e0 la destruction de toute une fili\u00e8re au nom d\u2019une id\u00e9ologie qui pr\u00f4ne l\u2019abolition de la consommation de viande \u00bb. Si l\u2019argumentation en soi peut se concevoir, elle est en revanche en total d\u00e9calage avec la ficelle \u00e9motionnelle et choquante \u00e0 laquelle L214 recourt en permanence pour stigmatiser ses cibles. Le 7 juillet, le PDG de l\u2019entreprise monte m\u00eame au cr\u00e9neau dans une interview au quotidien r\u00e9gional Ouest France. Mais trop tardivement. L214 a remport\u00e9 la bataille m\u00e9diatique.<\/p>\n<p><iframe loading=\"lazy\" src=\"https:\/\/www.youtube.com\/embed\/b4QXFwOMI8U\" width=\"830\" height=\"467\" frameborder=\"0\" allowfullscreen=\"allowfullscreen\"><\/iframe><\/p>\n<p>Aujourd\u2019hui, les canaux d\u2019expression de ces mouvements privil\u00e9gi\u00e9s concernent les r\u00e9seaux sociaux et des op\u00e9rations terrain \u00e9ventuels qui peuvent se manifester sous diff\u00e9rentes formes (happenings, agit-prop, cam\u00e9ra cach\u00e9e, intrusion soudaine\u2026). Celles-ci sont automatiquement r\u00e9percut\u00e9es sur le Web afin de maximiser l\u2019impact. Leurs effets sont amplifi\u00e9s en faisant appel aux \u00e9motions soit avec des images chocs qui impriment les m\u00e9moires, soit \u00e0 travers des t\u00e9moignages touchants. L\u2019explication et l\u2019argumentation passent au second plan. Pour frapper les esprits, le leitmotiv est la peur, la honte, le d\u00e9go\u00fbt qui pousse au clic, au partage avec sa communaut\u00e9, voire \u00e0 l\u2019activation des m\u00e9dias pour s\u2019en servir comme caisse de r\u00e9sonance.<\/p>\n<h2>R\u00e9seaux sociaux et m\u00e9dias<\/h2>\n<p>Les r\u00e9seaux sociaux disposent d\u2019un public disparate. Sur le <a href=\"https:\/\/www.blogdumoderateur.com\/chiffres-reseaux-sociaux\/&quot;&gt;https:\/\/www.blogdumoderateur.com\/chiffres-reseaux-sociaux\" target=\"_blank\" rel=\"noopener\">Blog du Mod\u00e9rateur<\/a>, le journaliste, Thomas Co\u00ebff\u00e9, d\u00e9voile les chiffres cl\u00e9s des<strong> r\u00e9seaux sociaux.<\/strong> Parmi ces informations, certaines retiennent l\u2019attention. Sur les 7,5 milliards d\u2019habitants, 3,81 milliards sont internautes (51%) et 2,91 milliards sont actifs sur les r\u00e9seaux sociaux (39% de la population mondiale). Le temps pass\u00e9 sur les r\u00e9seaux sociaux est de 1h20 par jour en France. Dans le top 10 des r\u00e9seaux sociaux dans le monde, figure en t\u00eate Facebook avec 2 milliard d\u2019internautes, suivi par Instagram (700 millions) et Qzone (653 millions). La p\u00e9n\u00e9tration des r\u00e9seaux sociaux dans le monde se r\u00e9partie\u00a0: 66% en Am\u00e9rique du Nord, 54% en Europe de l\u2019Ouest (56% en France), 14% en Afrique et 15% en Asie du Sud.<\/p>\n<p>Enfin, Facebook, le r\u00e9seau social le plus consult\u00e9 proposera bient\u00f4t aux m\u00e9dias des abonnements via sa plateforme. La nouvelle a \u00e9t\u00e9 relay\u00e9e par la journaliste, Perrine Signoret sur le site Internet de <a href=\"http:\/\/lexpansion.lexpress.fr\/high-tech\/les-medias-pourront-bientot-faire-payer-leurs-articles-sur-facebook_1928894.html\" target=\"_blank\" rel=\"noopener\">L\u2019Express<\/a>. Elle concerne l&rsquo;application mobile, et plus pr\u00e9cis\u00e9ment les Instant Articles, un format lanc\u00e9 en 2015. D\u00e8s la rentr\u00e9e prochaine, le r\u00e9seau social mettra sur sa plateforme un syst\u00e8me d&rsquo;<strong>abonnement payant<\/strong>, destin\u00e9 aux contenus des m\u00e9dias. Bonne nouvelle pour les m\u00e9dias traditionnels\u00a0!<\/p>\n","protected":false},"excerpt":{"rendered":"<p>M\u00e9diation scientifique, communication des groupes activistes, m\u00e9dias et r\u00e9seaux sociaux\u00a0: voici des sujets qui s\u2019entrecroisent dans cette revue de web estivale. De You Tube aux groupes activistes Les r\u00e9seaux sociaux permettent de diffuser la culture scientifique vers les adolescents. Dans&#8230;<\/p>\n","protected":false},"author":1,"featured_media":1891,"comment_status":"closed","ping_status":"closed","sticky":false,"template":"","format":"standard","meta":[],"categories":[372],"tags":[434,431,47,433,63,160,292,432,236,42,40,278,170],"_links":{"self":[{"href":"http:\/\/www.valerie-brenugat.fr\/site\/wp-json\/wp\/v2\/posts\/1889"}],"collection":[{"href":"http:\/\/www.valerie-brenugat.fr\/site\/wp-json\/wp\/v2\/posts"}],"about":[{"href":"http:\/\/www.valerie-brenugat.fr\/site\/wp-json\/wp\/v2\/types\/post"}],"author":[{"embeddable":true,"href":"http:\/\/www.valerie-brenugat.fr\/site\/wp-json\/wp\/v2\/users\/1"}],"replies":[{"embeddable":true,"href":"http:\/\/www.valerie-brenugat.fr\/site\/wp-json\/wp\/v2\/comments?post=1889"}],"version-history":[{"count":10,"href":"http:\/\/www.valerie-brenugat.fr\/site\/wp-json\/wp\/v2\/posts\/1889\/revisions"}],"predecessor-version":[{"id":1918,"href":"http:\/\/www.valerie-brenugat.fr\/site\/wp-json\/wp\/v2\/posts\/1889\/revisions\/1918"}],"wp:featuredmedia":[{"embeddable":true,"href":"http:\/\/www.valerie-brenugat.fr\/site\/wp-json\/wp\/v2\/media\/1891"}],"wp:attachment":[{"href":"http:\/\/www.valerie-brenugat.fr\/site\/wp-json\/wp\/v2\/media?parent=1889"}],"wp:term":[{"taxonomy":"category","embeddable":true,"href":"http:\/\/www.valerie-brenugat.fr\/site\/wp-json\/wp\/v2\/categories?post=1889"},{"taxonomy":"post_tag","embeddable":true,"href":"http:\/\/www.valerie-brenugat.fr\/site\/wp-json\/wp\/v2\/tags?post=1889"}],"curies":[{"name":"wp","href":"https:\/\/api.w.org\/{rel}","templated":true}]}}