{"id":2094,"date":"2018-06-30T09:07:54","date_gmt":"2018-06-30T08:07:54","guid":{"rendered":"http:\/\/www.valerie-brenugat.fr\/site\/?p=2094"},"modified":"2018-06-30T09:07:54","modified_gmt":"2018-06-30T08:07:54","slug":"revue-de-web-juin-3","status":"publish","type":"post","link":"http:\/\/www.valerie-brenugat.fr\/site\/revue-de-web-juin-3\/","title":{"rendered":"REVUE DE WEB JUIN"},"content":{"rendered":"<p>Les femmes et le pouvoir, Bayer et Monsanto, le genre Documenteur et le journalisme\u00a0: voici les diff\u00e9rents sujets de cette revue de web estivale.<\/p>\n<h2>La femme, le pouvoir et la communication<\/h2>\n<p>C\u2019est sur un constat dress\u00e9 dans une \u00e9tude r\u00e9cente par l\u2019agence Proches et l\u2019association des professionnels de la communication COM-ENT : \u00ab <em>En politique comme en entreprise, les femmes sont aux abonn\u00e9es absentes des sph\u00e8res de pouvoir en France<\/em> \u00bb qu\u2019Herv\u00e9 Monier a donn\u00e9 la parole \u00e0 deux des dirigeantes interview\u00e9es par COM-ENT et l\u2019agence Proches sur le <a href=\"http:\/\/www.leblogducommunicant2-0.com\/2018\/06\/06\/bayer-enterre-la-marque-monsanto-un-choix-de-communication-logique-mais-qui-appelle-a-aller-plus-loin\/\" target=\"_blank\" rel=\"noopener\">Brandnewsblog<\/a> : Pascale Dubois, directrice de la communication chez Safran et Val\u00e9rie Laugier, vice-pr\u00e9sidente Digital et Innovation de Total.<\/p>\n<p>Pascale Dubois souhaite contribuer \u00e0 faire avancer la place des <strong>femmes<\/strong> en entreprise \u00e0 tous les niveaux. Sa participation \u00e0 cette \u00e9tude sert ce m\u00eame objectif. De nombreuses femmes doivent encore se battre pour exister \u00e0 leur juste valeur et cette \u00e9tude Proches-COM\u2019ENT met en avant certains constats qui montrent le chemin qu\u2019il reste \u00e0 parcourir. Selon elle, les femmes n\u2019osent pas assez dans la vie professionnelle et c\u2019est notamment pour cette raison qu\u2019il faut \u00eatre entour\u00e9e et accompagn\u00e9e. Elle note que le nombre de femmes \u00e0 tous les niveaux augmente dans les fili\u00e8res industrielles et de l\u2019ing\u00e9nierie. Pour elle, il faut avoir confiance en soi, croire en la valeur de son travail et assumer pleinement ses choix sans penser aux mod\u00e8les que les autres pourraient projeter sur nous. Elle a toujours essay\u00e9 de se concentrer sur le d\u00e9veloppement de ses comp\u00e9tences professionnelles et celles de ses \u00e9quipes.<\/p>\n<p>En outre, Safran s\u2019est engag\u00e9 aupr\u00e8s de l\u2019association \u00ab Elles bougent \u00bb dont la mission principale est de faire d\u00e9couvrir aux jeunes filles les m\u00e9tiers d\u2019ing\u00e9nieures et de techniciennes et les formations correspondantes. Toutes les \u00e9tudes montrent qu\u2019il y a un lien entre diversit\u00e9 des effectifs et performance de l\u2019entreprise. Cet enjeu est donc important pour le groupe. Aujourd\u2019hui, pr\u00e8s de 300 marraines Safran exercent des activit\u00e9s dans l\u2019association et t\u00e9moignent de leur exp\u00e9rience.<\/p>\n<p>Par ailleurs, Pascale Dubois a cr\u00e9\u00e9 Women@Safran avec d\u2019autres femmes du Groupe. L\u2019objectif de ce r\u00e9seau est de pousser les femmes \u00e0 prendre toute leur place dans ce monde tr\u00e8s masculin. Ce r\u00e9seau organise des d\u00e9jeuners avec plusieurs dizaines de femmes du groupe. Lors de ce repas, une intervenante parle des \u00e9ventuelles difficult\u00e9s de son parcours professionnel qu\u2019elle a rencontr\u00e9es en tant que femme dans le monde du travail.<br \/>\nQuant \u00e0 Val\u00e9rie Laugier, elle a exerc\u00e9 le marketing il y a 26 ans \u00e0 la sortie de son \u00e9cole de commerce. De plus, elle a donc une bonne connaissance m\u00e9tier et terrain des activit\u00e9s de Total. Cela lui permet de d\u00e9celer rapidement les innovations pour les affaires actuelles et futures. En outre son r\u00e9seau d\u2019alli\u00e9s internes constitu\u00e9 au fil des ans contribue \u00e0 faire avancer les projets. En tant que directrice de l\u2019Image et de la Marque du Groupe pendant plus de 5 ans, elle a acquis sa l\u00e9gitimit\u00e9 dans le domaine du digital.<\/p>\n<p>Selon elle, les leviers pour d\u00e9passer les st\u00e9r\u00e9otypes et le sexisme ordinaire en entreprise : la confiance en soi et ne jamais s\u2019isoler en cas de difficult\u00e9. Val\u00e9rie Laugier a eu la chance d\u2019avoir quelques hi\u00e9rarchies qui l\u2019ont suivies tout au long de sa carri\u00e8re pour la conseiller et l\u2019aider \u00e0 trouver la voie afin d\u2019atteindre son objectif. Elle a aussi b\u00e9n\u00e9fici\u00e9 de l\u2019aide d\u2019une ancienne dirigeante d\u2019un autre secteur d\u2019activit\u00e9 qui l\u2019\u2019aide \u00e0 conserver son ambition et son \u00e9nergie au top. Les r\u00e9seaux de femmes lui ont \u00e9t\u00e9 \u00e9galement tr\u00e8s utiles et elle s\u2019y investit beaucoup pour aider \u00e0 son tour des jeunes femmes dans le cadre de mentoring.<\/p>\n<p>En revanche, dans son parcours, elle a eu le sentiment parfois de devoir prouver deux fois plus qu\u2019un coll\u00e8gue masculin. Les virages les plus d\u00e9licats restent les moments o\u00f9 elle a voulu acc\u00e9der \u00e0 des postes op\u00e9rationnels tr\u00e8s convoit\u00e9s par les hommes car synonymes de statut et de pouvoir\u2026 Si cela est moins compliqu\u00e9 pour les postes dans des fonctions support, jusqu\u2019\u00e0 un certain niveau car les plus hautes fonctions dans les m\u00e9tiers support restent encore tr\u00e8s masculines malgr\u00e9 que le vivier de femmes y soit tr\u00e8s important.La communication r\u00e9sulte d\u2019une strat\u00e9gie d\u2019entreprise.<\/p>\n<p>Pour le <a href=\"http:\/\/www.leblogducommunicant2-0.com\/2018\/06\/06\/bayer-enterre-la-marque-monsanto-un-choix-de-communication-logique-mais-qui-appelle-a-aller-plus-loin\/\" target=\"_blank\" rel=\"noopener\">Blog du Communicant2.0<\/a>, Olivier Cimeli\u00e8re analyse la <strong>communication<\/strong> de Bayer \u00e0 travers la disparition de la marque Monsanto. Une \u00e9tude Harris avait \u00e9t\u00e9 publi\u00e9e en 2015 sur les entreprises am\u00e9ricaines les plus ha\u00efes comme Monsanto, Goldman Sachs, Haliburton et BP. R\u00e9cemment, les pol\u00e9miques sur l\u2019interdiction du glyphosate en France ramenaient le nom de Monsanto dans les d\u00e9bats. C\u2019est dans ce contexte que Bayer a annonc\u00e9 la suppression de Monsanto.<\/p>\n<p>Olivier Cimeli\u00e8re rappelle le pass\u00e9 de Monsanto, vieux de presque 120 ans. \u00a0Lors du projet Manhattan, pour le compte des militaires, Monsanto r\u00e9alise des recherches sur l\u2019uranium, le chimiste avait acquis Swann Chemical Company, une soci\u00e9t\u00e9 sp\u00e9cialis\u00e9e dans la fabrication des PCB (polychlorobiph\u00e9nyles), des agents chimiques utilis\u00e9s comme retardateurs de flammes et isolants. Or d\u00e9j\u00e0 en 1937, la Harvard School of Public Health et des m\u00e9decins d\u00e9noncent la dangerosit\u00e9 extr\u00eame du produit. Si ces deux faits ne sont que le d\u00e9but de pol\u00e9miques et de scandales qui entachent la r\u00e9putation de Monsanto \u00e0 intervalles r\u00e9guliers. Parmi les crises les plus importantes, l\u2019agent Orange occupera une place particuli\u00e8re. Produit par Monsanto, ce d\u00e9foliant tr\u00e8s toxique est abondamment utilis\u00e9 par l\u2019arm\u00e9e am\u00e9ricaine contre les populations civiles et la r\u00e9bellion communiste durant la guerre du Vietnam (1963 \u2013 1975). Cela entrainera la naissance de 150 000 enfants au Vi\u00eat Nam souffrant de s\u00e9v\u00e8res malformations.<\/p>\n<p>En outre, des pesticides agricoles comme Lasso (aujourd\u2019hui interdit en Europe) et Roundup ont \u00e9t\u00e9 mis en cause pour leurs effets canc\u00e9rog\u00e8nes possibles. Enfin, Monsanto est la cible de proc\u00e8s et de campagnes activistes qui veulent l\u2019interdiction de l\u2019usage de semences g\u00e9n\u00e9tiquement modifi\u00e9es. De plus, il y a des accusations de malversations d\u2019\u00e9tudes scientifiques et de pressions \u00e0 r\u00e9p\u00e9tition sur les autorit\u00e9s publiques de nombreux pays pour conserver une l\u00e9gislation favorable aux produits Monsanto.<\/p>\n<p>Une r\u00e9putation si mauvaise que Monsanto est la seule soci\u00e9t\u00e9 au monde \u00e0 connaitre une journ\u00e9e mondiale contre elle. Depuis 6 ans, le collectif \u00ab March Against Monsanto \u00bb organise chaque mois de Mai des d\u00e9fil\u00e9s dans la rue afin de protester contre les activit\u00e9s de Monsanto jug\u00e9es dangereuses pour l\u2019humanit\u00e9. Le reste du temps, les r\u00e9seaux sociaux mettent continuellement en cause l\u2019entreprise avec une page Facebook qui enregistre plus de 1,6 millions de fans et un hashtag sur Twitter intitul\u00e9 #Monsatan qui rassemble tous les dossiers relatifs \u00e0 la firme de Saint-Louis.<\/p>\n<p>Professeur \u00e9m\u00e9rite \u00e0 HEC Paris et grand sp\u00e9cialiste des marques, Jean-No\u00ebl Kapferer livre son analyse \u00e0 propos de la disparition de Monsanto : \u00ab <em>Les grands groupes d\u00e9testent prendre des d\u00e9cisions sous la pression des ONG ou de l\u2019opinion publique, mais ils ont \u00e0 c\u0153ur de pr\u00e9server leur business. Et c\u2019est sans doute pourquoi Bayer a estim\u00e9 que la marque Monsanto \u00e9tait devenue un symbole ind\u00e9fendable, non plus un actif mais un passif. Les dirigeants du groupe ont tr\u00e8s bien compris que la question de la responsabilit\u00e9 citoyenne des entreprises, l\u2019impact de leur activit\u00e9 sur la sant\u00e9 humaine et l\u2019environnement, est un sujet qui peut, \u00e0 terme, mettre en p\u00e9ril leur rentabilit\u00e9. Ils ont donc consid\u00e9r\u00e9 qu\u2019il \u00e9tait temps de \u00ab d\u00e9brancher \u00bb Monsanto pour mettre en avant le nom de Bayer qui, lui, est plut\u00f4t associ\u00e9 \u00e0 l\u2019univers de la pharmacie et est plut\u00f4t respect\u00e9<\/em> \u00bb. Ainsi, en supprimant la d\u00e9nomination Monsanto, Bayer r\u00e9sout une partie du d\u00e9faut r\u00e9putationnelle issue de sa fusion.<\/p>\n<h2>Des fake news au journalisme<\/h2>\n<p>Le documenteur est un genre de fiction qui permet de lutter contre les fake news. Pour le site Internet <a href=\"https:\/\/theconversation.com\/neandertal-et-les-fake-news-histoire-dun-documenteur-97795\" target=\"_blank\" rel=\"noopener\">The Conversation<\/a>, Nicolas Teyssandier, charg\u00e9 de recherche au CNRS et pr\u00e9historien \u00e0 l\u2019universit\u00e9 Jean Jaur\u00e8s \u00e0 Toulouse, analyse sa participation dans l\u2019\u00e9laboration d\u2019un <strong>documenteur<\/strong>. Ce \u00ab mot-valise \u00bb d\u00e9signe un support audiovisuel utilisant la forme du documentaire \u00e0 des fins parodiques ou satiriques. L\u2019objectif de cette exp\u00e9rience : faire r\u00e9fl\u00e9chir \u00e0 la fois sur le sens et la port\u00e9e des r\u00e9sultats scientifiques mais aussi sur la forme des films les plus g\u00e9n\u00e9ralement propos\u00e9s au grand public que sont les docu-fictions. Ce genre permet de s\u2019interroger sur le pouvoir des mots et des images et le poids de la narration et du r\u00e9cit quand ceux-ci convoquent le spectateur dans une intrigue o\u00f9 l\u2019encha\u00eenement et le rythme des \u00e9v\u00e8nements rendent d\u00e9licats la prise de recul instantan\u00e9e. Il invite \u00e9galement \u00e0 la prudence, \u00e0 se d\u00e9partir de toute certitude, \u00e0 accepter le provisoire de certaines donn\u00e9es ou avanc\u00e9es scientifiques.<\/p>\n<p>&nbsp;<\/p>\n<p><iframe loading=\"lazy\" src=\"https:\/\/www.youtube.com\/embed\/_sQF7sQSH3o\" width=\"754\" height=\"446\" frameborder=\"0\" allowfullscreen=\"allowfullscreen\"><\/iframe><\/p>\n<p>Pour le chercheur, il faut lutter contre ces logiques falsificatrices qui rel\u00e8vent plus de la foi et des croyances que du c\u00f4t\u00e9 du doute et de la science. Il faut aussi \u00e9duquer afin de susciter les esprits critiques d\u00e8s le plus jeune \u00e2ge. Ce documenteur est utilis\u00e9 par des p\u00e9dagogues et des formateurs, afin d\u2019alimenter les d\u00e9bats avec les jeunes publics. Nicolas Teyssandier remarque que : \u00ab<em> Cela valait bien la peine de rire un peu tout en \u00e9veillant les consciences par l\u2019imaginaire de la fiction<\/em> \u00bb.<\/p>\n<p>La lutte contre les fake news passe aussi par des initiatives de certains m\u00e9dias. A l\u2019occasion de la sortie du Rapport Cision 2018, Etat des medias dans le monde, une \u00e9tude men\u00e9e par Cision aupr\u00e8s de 1 355 journalistes, Cyndie Bettant, Influence &amp; Content Manager, a interview\u00e9 Samuel Laurent, journaliste au Monde et responsable des D\u00e9codeurs pour le site Internet <a href=\"http:\/\/culture-rp.com\/2018\/06\/05\/interview-de-samuel-laurent-journaliste-au-monde-fr\/\" target=\"_blank\" rel=\"noopener\">Culture-rp<\/a>. Apr\u00e8s avoir commenc\u00e9 sa carri\u00e8re de <strong>journaliste web<\/strong> au Figaro.fr de 2006 \u00e0 2010, Samuel Laurent int\u00e8gre LeMonde.fr o\u00f9 il rejoint le service politique. Il est aussi responsable du blog Les D\u00e9codeurs, rubrique de fact checking du quotidien. Depuis 2014, il participe r\u00e9guli\u00e8rement \u00e0 l\u2019\u00e9mission \u00ab La politique c\u2019est net \u00bb diffus\u00e9e sur Public S\u00e9nat. Selon le journaliste, les r\u00e9seaux sociaux ont modifi\u00e9 la mani\u00e8re de faire de la veille, le fait que les lecteurs puissent interpeller directement les journalistes avec ces diff\u00e9rentes plateformes. Les r\u00e9seaux sociaux sont devenus un canal d\u2019information central et a modifi\u00e9 la fa\u00e7on de travailler des journalistes.<\/p>\n<p>Par ailleurs, au Monde, le service de fact checking, Les D\u00e9codeurs, a \u00e9t\u00e9 cr\u00e9\u00e9 pour r\u00e9pondre les probl\u00e8mes li\u00e9s aux fake news. Il a d\u00e9but\u00e9 avec des v\u00e9rifications au niveau des nouvelles en politique, pour v\u00e9rifier les dires des personnalit\u00e9s politiques bas\u00e9es sur le data journalisme.<\/p>\n<p>Selon Samuel Laurent, le probl\u00e8me principal pour les m\u00e9dias r\u00e9side dans le mod\u00e8le \u00e9conomique, surtout pour les hebdomadaires et les quotidiens, qui ont connu une forte baisse de leur lectorat. Le Monde adopte une strat\u00e9gie de double politique avec du gratuit et du payant. Le New York Times enregistre des records pour le payant aux Etats-Unis. Le contenu payant est l\u2019option pr\u00e9f\u00e9r\u00e9e par les grands m\u00e9dias sauf le Guardian et le Figaro.<\/p>\n","protected":false},"excerpt":{"rendered":"<p>Les femmes et le pouvoir, Bayer et Monsanto, le genre Documenteur et le journalisme\u00a0: voici les diff\u00e9rents sujets de cette revue de web estivale. La femme, le pouvoir et la communication C\u2019est sur un constat dress\u00e9 dans une \u00e9tude r\u00e9cente&#8230;<\/p>\n","protected":false},"author":1,"featured_media":2096,"comment_status":"closed","ping_status":"closed","sticky":false,"template":"","format":"standard","meta":[],"categories":[450],"tags":[434,115,194,454,63,153,456,152,455,226,292,451,39,24,107,40,84,453,452],"_links":{"self":[{"href":"http:\/\/www.valerie-brenugat.fr\/site\/wp-json\/wp\/v2\/posts\/2094"}],"collection":[{"href":"http:\/\/www.valerie-brenugat.fr\/site\/wp-json\/wp\/v2\/posts"}],"about":[{"href":"http:\/\/www.valerie-brenugat.fr\/site\/wp-json\/wp\/v2\/types\/post"}],"author":[{"embeddable":true,"href":"http:\/\/www.valerie-brenugat.fr\/site\/wp-json\/wp\/v2\/users\/1"}],"replies":[{"embeddable":true,"href":"http:\/\/www.valerie-brenugat.fr\/site\/wp-json\/wp\/v2\/comments?post=2094"}],"version-history":[{"count":10,"href":"http:\/\/www.valerie-brenugat.fr\/site\/wp-json\/wp\/v2\/posts\/2094\/revisions"}],"predecessor-version":[{"id":2106,"href":"http:\/\/www.valerie-brenugat.fr\/site\/wp-json\/wp\/v2\/posts\/2094\/revisions\/2106"}],"wp:featuredmedia":[{"embeddable":true,"href":"http:\/\/www.valerie-brenugat.fr\/site\/wp-json\/wp\/v2\/media\/2096"}],"wp:attachment":[{"href":"http:\/\/www.valerie-brenugat.fr\/site\/wp-json\/wp\/v2\/media?parent=2094"}],"wp:term":[{"taxonomy":"category","embeddable":true,"href":"http:\/\/www.valerie-brenugat.fr\/site\/wp-json\/wp\/v2\/categories?post=2094"},{"taxonomy":"post_tag","embeddable":true,"href":"http:\/\/www.valerie-brenugat.fr\/site\/wp-json\/wp\/v2\/tags?post=2094"}],"curies":[{"name":"wp","href":"https:\/\/api.w.org\/{rel}","templated":true}]}}