{"id":2302,"date":"2019-06-30T16:40:39","date_gmt":"2019-06-30T15:40:39","guid":{"rendered":"http:\/\/www.valerie-brenugat.fr\/site\/?p=2302"},"modified":"2019-06-30T16:40:41","modified_gmt":"2019-06-30T15:40:41","slug":"revue-de-web-juin-4","status":"publish","type":"post","link":"http:\/\/www.valerie-brenugat.fr\/site\/revue-de-web-juin-4\/","title":{"rendered":"REVUE DE WEB JUIN"},"content":{"rendered":"\n<p>La 5 G, la d\u00e9sinformation sur la sant\u00e9, la m\u00e9diatisation des enjeux spatiaux et le lien entre le bien-\u00eatre au travail et la performance : voici les mots-cl\u00e9s de cette revue de web estivale.<\/p>\n\n\n\n<h2>La 5 G et la d\u00e9sinformation<\/h2>\n\n\n\n<p>Des nouvelles technologies de t\u00e9l\u00e9communications mobiles entrainent des mutations m\u00e9diatiques. Paul Simon, directeur de JPS Public Policy Consulting explique les usages de la <strong>5 G<\/strong> dans les m\u00e9dias pour le site Internet <a href=\"https:\/\/larevuedesmedias.ina.fr\/5g-quels-usages-pour-les-medias\" target=\"_blank\" rel=\"noreferrer noopener\" aria-label=\"\u00ab\u00a0La revue des m\u00e9dias\u00a0\u00bb (s\u2019ouvre dans un nouvel onglet)\">\u00ab\u00a0La revue des m\u00e9dias\u00a0\u00bb<\/a>. <\/p>\n\n\n\n<p>La cinqui\u00e8me g\u00e9n\u00e9ration de r\u00e9seaux de t\u00e9l\u00e9communications\nmobiles devrait arriver progressivement dans les prochaines ann\u00e9es. Vers 2025, la\n5G ne repr\u00e9senterait que 14% des technologies mobiles, selon la GSM Association\n(GSMA, une association qui repr\u00e9sente plus de 750 op\u00e9rateurs dans le monde).<\/p>\n\n\n\n<p>Gr\u00e2ce \u00e0 cette nouvelle g\u00e9n\u00e9ration, les vitesses de\ntransmission de donn\u00e9es seront 100 fois plus \u00e9lev\u00e9es que celles de la 4G avec\nun d\u00e9lai de transmission de la communication 10 fois plus faible, et des\ncapacit\u00e9s de r\u00e9seaux multipli\u00e9es par 100.<\/p>\n\n\n\n<p>L\u2019organisme propose trois pistes principales d\u2019am\u00e9liorations\nfournies par la 5G sur le plan technique : des services haut d\u00e9bit mobiles\nlarge bande am\u00e9lior\u00e9s, des communications \u00e0 la fiabilit\u00e9 fortement accrue et au\ntr\u00e8s faible niveau de latence, des communications de machine \u00e0 machine de masse\ntouchant un nombre \u00e9lev\u00e9 de terminaux de faibles co\u00fbts et batteries de longue\ndur\u00e9e.<\/p>\n\n\n\n<p>Pour les m\u00e9dias, ces capacit\u00e9s augment\u00e9es seront utiles\npuisque les applications figurent parmi les plus consommatrices en ressources, n\u00e9cessitant\nde tr\u00e8s importantes capacit\u00e9s de r\u00e9seaux pour des services audiovisuels haut\nd\u00e9bit et des d\u00e9lais de latence tr\u00e8s faibles afin de permettre des exp\u00e9riences\nimmersives, interactives et tactiles. Concernant ces derni\u00e8res, une \u00e9tude effectu\u00e9e\nen 2018 pour Intel par le cabinet d\u2019analyses Ovum montre que la 5G permettra\nl\u2019acc\u00e8s \u00e0 de nouvelles sensations, encore plus immersives : syst\u00e8mes\ntactilo-kinesth\u00e9sique : v\u00eatements haptiques li\u00e9s \u00e0 des capacit\u00e9s de r\u00e9alit\u00e9s\nvirtuelles avanc\u00e9es.<\/p>\n\n\n\n<p>Le consortium de recherche 5G Media a anticip\u00e9 des\n\u00e9volutions dans trois directions pour les m\u00e9dias : applications \u00ab immersives \u00bb\n\/ r\u00e9alit\u00e9 augment\u00e9e et virtuelle, \u00ab smart \u00bb production et production \u00e0 distance,\net transmission haute d\u00e9finition dynamique et flexible sur des r\u00e9seaux de\ndistributions de contenus. Deux sc\u00e9narios sont envisag\u00e9s pour chacune de ces\nd\u00e9clinaisons. Concernant les applications \u00ab immersives \u00bb, des joueurs pourront\njouer ensemble \u00e0 des jeux en 3D immersifs dans des espaces virtuels ou des\nspectateurs de l\u2019eSport pourront suivre les jeux en 3D et sur plusieurs terminaux\n(mobile, r\u00e9alit\u00e9 virtuelle).<\/p>\n\n\n\n<p>Pour la \u00ab Smart production \u00bb, la r\u00e9duction des co\u00fbts, du\ntemps de production et de la complexit\u00e9 gr\u00e2ce \u00e0 la 5G (codage virtuel et moteurs\nde compression) entra\u00eenera une meilleure exploitation des contenus autoproduits\n(UGC) notamment et l\u2019acc\u00e8s \u00e0 des archives de ces contenus. Deux sc\u00e9narios de \u00ab\nsmart production \u00bb en d\u00e9couleront&nbsp;: l\u2019un de production \u00e0 distance en\nparticulier d\u2019\u00e9v\u00e9nements en direct, et un autre de contribution (par exemple de\njournalistes) via le terminal mobile et facilit\u00e9 par les d\u00e9veloppements de la\nproduction assist\u00e9e par l\u2019intelligence artificielle.<\/p>\n\n\n\n<p>Enfin, pour la transmission, les utilisateurs pourront\nacc\u00e9der \u00e0 leur \u00e9cran \u00e0 leur domicile ou en d\u00e9placement. De plus, ils pourront\ns\u00e9lectionner et personnaliser leur s\u00e9lection d\u2019\u00e9v\u00e9nements.<\/p>\n\n\n\n<p>Plusieurs exp\u00e9riences de transmission de t\u00e9l\u00e9vision haute d\u00e9finition (4K ou 8K) sur r\u00e9seaux 5G ont d\u00e9j\u00e0 \u00e9t\u00e9 r\u00e9alis\u00e9es : tournoi de golf en streaming pour Fox Sports aux \u00c9tats-Unis en 2018, c\u00e9l\u00e9bration annuelle du printemps en Chine par le r\u00e9seau chinois CCTV en collaboration avec l\u2019\u00e9quipementier Huawei et China Mobile en f\u00e9vrier dernier.<\/p>\n\n\n\n<p>Les fake news v\u00e9hicul\u00e9es par les nouveaux m\u00e9dias peuvent concerner la sant\u00e9. Manon Berriche, doctorante \u00e0 Sciences Po \u2013 USPC a publi\u00e9 un article sur le site Internet de <a href=\"https:\/\/theconversation.com\/fake-news-et-sante-des-internautes-pas-si-credules-118786\" target=\"_blank\" rel=\"noreferrer noopener\" aria-label=\"The Conversation (s\u2019ouvre dans un nouvel onglet)\">The Conversation<\/a> dans le cadre du colloque \u00ab Sant\u00e9 et d\u00e9sordres de l\u2019information : impacts et solutions \u00bb, organis\u00e9 le 20 juin dernier par la Conf\u00e9rence des Pr\u00e9sidents d\u2019Universit\u00e9. La <strong>d\u00e9sinformation <\/strong>touche aussi le domaine de la sant\u00e9\u00a0: fausses informations erron\u00e9es sur les vaccins, rem\u00e8des miracles contre le cancer\u2026 <\/p>\n\n\n\n<p>La page Facebook de Sant\u00e9+ Magazine en est un exemple. L\u2019\u00e9quipe\ndes D\u00e9codeurs du quotidien Le Monde l\u2019a jug\u00e9 comme un diffuseur majeur\nd\u2019informations m\u00e9dicales erron\u00e9es. Or selon l\u2019Institut Reuters (un centre de\nrecherche d\u2019Oxford), elle g\u00e9n\u00e8re \u00e0 elle seule autant d\u2019interactions sur Facebook\nque les pages des m\u00e9dias Le Monde, Le Figaro, Le Huffington Post, 20 Minutes et\nFrance TV info r\u00e9unis. \u00c9tonnamment pourtant, l\u2019audience du site Web de Sant\u00e9+\nMagazine reste bien inf\u00e9rieure \u00e0 celle des sites de ces cinq m\u00e9dias.<\/p>\n\n\n\n<p>En mati\u00e8re d\u2019autorit\u00e9, une r\u00e9cente \u00e9tude montre qu\u2019en\nFrance, la visibilit\u00e9 des informations au sein de l\u2019espace m\u00e9diatique d\u00e9pend de\nl\u2019autorit\u00e9 de la source. Les journalistes des m\u00e9dias traditionnels v\u00e9rifient\nles informations avant de les relayer et fait attention \u00e0 ne pas citer les\npublications douteuses. Depuis quelques ann\u00e9es, des rubriques de v\u00e9rification (\u00ab\nfact-checking \u00bb) sont apparues sur les sites web des grands m\u00e9dias. N\u00e9anmoins, le\nsite de Sant\u00e9+ Mag enregistre moins de bonnes audiences que ces sites. En\nrevanche, sa page Facebook est tr\u00e8s populaire. Les volumes d\u2019\u00ab interactions \u00bb y\nsont impressionnants. Plus de 80 % des r\u00e9actions sont provoqu\u00e9es par des\npublications qui ne sont pas issues d\u2019une strat\u00e9gie de d\u00e9sinformation. Sur la\npage Facebook de Sant\u00e9 + Mag, les contenus visuels entrainent 2 \u00e0 4 fois plus\nd\u2019engagements que les vid\u00e9os et les articles. Ses fans sont beaucoup plus sensibles\naux contenus imag\u00e9s qui sont li\u00e9s aux relations sociales qu\u2019aux informations\ndouteuses sur la sant\u00e9. <\/p>\n\n\n\n<p>Plusieurs exp\u00e9riences de psychologie ont r\u00e9v\u00e9l\u00e9 que les\ninformations qui mettent en avant une id\u00e9e de menace, de danger ou de d\u00e9go\u00fbt et\nles relations sociales sont mieux m\u00e9moris\u00e9es, attirent plus notre attention ou\nsont davantage transmises que les autres. Mais des recherches sur le sujet montrent\nque la correction factuelle n\u2019est pas toujours efficace pour combattre la\nd\u00e9sinformation.<\/p>\n\n\n\n<p>Enfin, il est essentiel de favoriser l\u2019acc\u00e8s aux informations de qualit\u00e9 sur la <strong>sant\u00e9<\/strong> pour augmenter la culture scientifique du public. Selon des travaux, le fait de montrer le consensus scientifique sur la question des vaccins am\u00e9liore l\u2019adh\u00e9sion des gens.<\/p>\n\n\n\n<p><iframe loading=\"lazy\" width=\"754\" height=\"446\" src=\"https:\/\/www.youtube.com\/embed\/SH82aFgGxh8\" frameborder=\"0\" allow=\"accelerometer; autoplay; encrypted-media; gyroscope; picture-in-picture\" allowfullscreen=\"\"><\/iframe><\/p>\n\n\n\n<h2>De l\u2019espace \u00e0 la performance<\/h2>\n\n\n\n<p>Pr\u00e8s de 50 ans apr\u00e8s les premiers pas de l\u2019Homme sur la Lune, l\u2019espace int\u00e9resse toujours. G\u00e9raldine Poels, responsable de la valorisation scientifique des collections de l\u2019INA et V\u00e9ronique Lefort, documentaliste multim\u00e9dia, analysent le traitement par la t\u00e9l\u00e9vision des enjeux spatiaux entre 2009 et 2018 ainsi que la m\u00e9diatisation de l\u2019astronaute Thomas Pesquet pour le site Internet <a href=\"https:\/\/larevuedesmedias.ina.fr\/thomas-pesquet-moteur-de-la-mediatisation-de-lespace\">\u00ab\u00a0La revue des M\u00e9dias\u00a0\u00bb<\/a>. Elles ont \u00e9tudi\u00e9 la mani\u00e8re dont la t\u00e9l\u00e9vision a trait\u00e9 de ces enjeux ces dix derni\u00e8res ann\u00e9es (2009 \u2013 2018). La mission de Thomas Pesquet \u00e0 bord de la Station spatiale internationale (ISS), de novembre 2016 \u00e0 juin 2017, appara\u00eet comme le ph\u00e9nom\u00e8ne m\u00e9diatique majeur. <\/p>\n\n\n\n<p>Apr\u00e8s le pic de 2009, ann\u00e9e anniversaire, si la <strong>m\u00e9diatisation\nde l\u2019espace<\/strong> d\u00e9croit, elle reste r\u00e9guli\u00e8re. Sensibles \u00e0 la g\u00e9opolitique de\nla conqu\u00eate spatiale, les JT traitent les nouveaux acteurs du secteur face aux\npuissances traditionnelles que sont les \u00c9tats-Unis, la Russie, et la France. Au\ncours de la d\u00e9cennie pass\u00e9e (2009 \u2013 2018), 1 794 sujets ont abord\u00e9 le th\u00e8me de\nl\u2019espace dans les JT du soir (TF1, France 2, France 3, Arte, M6 et Canal +), ce\nqui repr\u00e9sente 0,6 % de l\u2019offre totale d\u2019information. Ce sujet est trait\u00e9 tous\nles 10 ans depuis les premiers pas sur la Lune, le 21 juillet 1969. <\/p>\n\n\n\n<p>En outre, l\u2019astronautique est un th\u00e8me privil\u00e9gi\u00e9 car il repr\u00e9sente\n65 % des sujets. Ainsi, 685 sujets ont \u00e9t\u00e9 d\u00e9di\u00e9s aux missions et projets\nd\u2019exploration humaine. L\u2019exploration robotique, l\u2019observation spatiale, les\nsondes et les satellites de tous types totalisent 475 sujets. En revanche, l\u2019astronomie,\nl\u2019astrophysique et les sciences de l\u2019univers repr\u00e9sentent que 26 % des sujets\n(461) qui traitent les d\u00e9couvertes concernant les plan\u00e8tes, trous noirs,\ncom\u00e8tes, \u00e9clipses et autres chutes de m\u00e9t\u00e9orites. Chaque \u00e9t\u00e9, la Nuit des\n\u00e9toiles est abord\u00e9e dans les JT (14 sujets). Enfin, le restant des sujets a abord\u00e9\ndes th\u00e9matiques vari\u00e9es comme les d\u00e9c\u00e8s d\u2019astronautes ou le Salon international\nde l\u2019a\u00e9ronautique et de l\u2019espace du Bourget. Les mots de l\u2019espace dans les JT\n(descripteurs de l\u2019INA, hi\u00e9rarchis\u00e9s selon le nombre d\u2019occurrences). Mais avec\n158 sujets, la mission de Thomas Pesquet \u00e0 la Station spatiale internationale\ndu 17 novembre 2016 au 2 juin 2017, est le sujet pr\u00e9f\u00e9r\u00e9 de cette d\u00e9cennie\nm\u00e9diatique. Toutefois, depuis 2012, les JT ont abord\u00e9 \u00e0 l\u2019exploration de la plan\u00e8te\nMars par le robot Curiosity (47 sujets), \u00e0 la sortie dans l\u2019espace de la flamme\nolympique ou \u00e0 l\u2019alunissage de la sonde spatiale chinoise Chang\u2019e-3. De 2014 \u00e0\n2016, ils ont aussi trait\u00e9 la sonde europ\u00e9enne Rosetta et le robot Philae sur\nla com\u00e8te Tchouri (77 sujets). <\/p>\n\n\n\n<p>Si les \u00c9tats-Unis, premi\u00e8re puissance spatiale, arrivent en\nt\u00eate des pays cit\u00e9s dans les sujets d\u00e9di\u00e9s \u00e0 l\u2019espace, la France se situe en 2<sup>e<\/sup>\nposition avec 306 sujets, dont 71 pour le centre spatial de Kourou, 50 pour Le\nBourget et 18 pour Toulouse. La t\u00e9l\u00e9vision privil\u00e9gie les lancements et le\ntraitement de ces informations ne suivent pas les logiques \u00e9conomiques du\nsecteur. Toutefois les m\u00e9dias accordent de l\u2019attention aux nouveaux venus : la\nChine, premier pays \u00e0 se poser sur la Lune en septembre 2018, l\u2019Inde, qui a lanc\u00e9\nen 2017 la premi\u00e8re fus\u00e9e produite localement et la Cor\u00e9e du Nord, qui a plac\u00e9 des\nsatellites en orbite en 2012 et 2016 et l\u2019Iran. Le Centre europ\u00e9en des\nastronautes \u00e0 Cologne o\u00f9 s\u2019est entra\u00een\u00e9 Thomas Pesquet, permet \u00e0 l\u2019Allemagne d\u2019\u00eatre\n\u00e9voqu\u00e9. Le Chili est cit\u00e9 pour le plus grand t\u00e9lescope du monde construit dans\nle d\u00e9sert d\u2019Atacama. Enfin, la Suisse est abord\u00e9e pour le CERN de Gen\u00e8ve,\nparticuli\u00e8rement en 2012 avec la d\u00e9couverte du boson de Higgs. Les cha\u00eenes\nfran\u00e7aises ont accord\u00e9, en effet, des temps d\u2019antenne \u00e0 la mission de Thomas\nPesquet, astronaute le plus m\u00e9diatis\u00e9 de la d\u00e9cennie. Les quatre experts les\nplus m\u00e9diatis\u00e9s repr\u00e9sentent d\u2019ailleurs l\u2019expertise fran\u00e7aise dans le domaine\nspatial et scientifique&nbsp;: Francis Rocard, coordonne pour le CNES la mise\nen \u0153uvre du programme d\u2019exploration de Mars et supervise la mission Rosetta, en\nest un exemple. Enfin, les nouveaux acteurs du secteur des vols commerciaux et\ndu tourisme spatial sont trait\u00e9s dans les m\u00e9dias&nbsp;: Richard Branson et Elon\nMusk. <\/p>\n\n\n\n<p>Par ailleurs, les \u00c9tats-Unis occupent le haut du podium de\nla repr\u00e9sentation m\u00e9diatique en premier lieu gr\u00e2ce aux astronautes Edwin \u00ab Buzz\n\u00bb Aldrin, surtout en 2009 pour le 40<sup>e <\/sup>anniversaire du premier pas\nsur la Lune, et Scott Kelly, qui a pass\u00e9 340 jours dans la Station spatiale\nInternationale. En revanche, c\u00f4t\u00e9 russe, Mikha\u00efl Baryshev, psychoth\u00e9rapeute sur\nla mission exp\u00e9rimentale \u00ab Mars 500 \u00bb, Dmitri Rogozine, homme politique et\ndirecteur de l\u2019Agence spatiale russe, Oleg Novitski et Sergey Ryazansky,\ncosmonautes, n\u2019ont occup\u00e9 que deux passages. <\/p>\n\n\n\n<p>\u00c0 l\u2019heure de l\u2019\u00e9galit\u00e9 homme-femme, sur les 493 personnes\ninterview\u00e9es dans l\u2019ensemble des sujets portant sur l\u2019espace, seulement 14 % sont\ndes femmes. En 9<sup>e<\/sup> place, se trouve Claudie Haigner\u00e9, scientifique,\nspationaute et ancienne ministre.<\/p>\n\n\n\n<p>En outre, la communication par Twitter a \u00e9t\u00e9 privil\u00e9gi\u00e9 par\nl\u2019Agence spatiale europ\u00e9enne (ESA) durant la mission de Thomas Pesquet. Malgr\u00e9\ntout, les cha\u00eenes d\u2019information et les radios ont relay\u00e9 cette visibilit\u00e9 sur\nle r\u00e9seau social. Avec 220 tweets, lors des \u00e9missions sp\u00e9ciales, BFM TV a adopt\u00e9\ncette strat\u00e9gie surtout au moment de la retransmission en direct de l\u2019atterrissage,\nle 2 juin 2017 (64 tweets en une journ\u00e9e). Ainsi, la cha\u00eene a \u00e9t\u00e9 mentionn\u00e9e\nplus de 7 000 fois sur le sujet. <\/p>\n\n\n\n<p>N\u00e9anmoins, des succ\u00e8s in\u00e9gaux ont \u00e9t\u00e9 remport\u00e9s par les m\u00e9dias sur le r\u00e9seau social : ainsi, Quotidien, l\u2019\u00e9mission de Yann Barth\u00e8s, qui a re\u00e7u deux fois le spationaute en plateau, a obtenu plus de 4 500 mentions avec seulement 5 tweets, tandis qu\u2019Envoy\u00e9 sp\u00e9cial n\u2019a \u00e9t\u00e9 mentionn\u00e9 que 412 fois. <\/p>\n\n\n\n<p>Une bonne qualit\u00e9 de vie au travail ne nuit pas \u00e0 la performance. Dans leur article pour le site <a href=\"http:\/\/ https:\/\/theconversation.com\/non-le-bien-etre-au-travail-ne-soppose-pas-a-la-performance-117999\" target=\"_blank\" rel=\"noreferrer noopener\" aria-label=\"The Conversation (s\u2019ouvre dans un nouvel onglet)\">The Conversation<\/a>, Emmanuel Abord de Chatillon, professeur \u00e0 la Chaire Management et Sant\u00e9 au Travail, LEST CNRS, Aix Marseille Universit\u00e9, Grenoble IAE \u00e0 l\u2019Universit\u00e9 Grenoble Alpes et Nathalie Bernard, doctorante CIFRE \u00e0 l\u2019Universit\u00e9 Grenoble Alpes constatent que si les dirigeants des entreprises ne sont pas oppos\u00e9s au bien-\u00eatre au travail, mais ils souhaiteraient avant tout que cette promotion de qualit\u00e9 de vie au travail ne se d\u00e9veloppe pas au d\u00e9triment de la performance de l\u2019entreprise.<\/p>\n\n\n\n<p>Dans un travail de recherche, ces chercheurs ont identifi\u00e9 les\npratiques de management les plus courantes dans les entreprises, contribuant \u00e0\nla fois au <strong>bien-\u00eatre des salari\u00e9s<\/strong> et la performance des entreprises, et le\ntype d\u2019entreprises ayant des pratiques associant les deux dimensions.<\/p>\n\n\n\n<p>Il y a 30 ans sont apparues des pratiques de haute\nperformance (High Performance Work Practices). Celles-ci disposent \u00e0 la fois\ndes \u00e9l\u00e9ments visant \u00e0 faire \u00e9voluer le travail (cercles de qualit\u00e9, groupes de\nr\u00e9solution de probl\u00e8mes\u2026) et des aspects ayant pour buts de mieux impliquer les\nsalari\u00e9s (bonus collectifs, processus de r\u00e9solution de conflits, etc.). Les\nchercheurs ont \u00e9tudi\u00e9 leur impact sur le bien-\u00eatre que la performance en examinant\n\u00e0 la fois les pratiques de 271 entreprises et leurs situations en termes de\nbien-\u00eatre et de performance. 5 composantes du bien-\u00eatre au travail ont \u00e9t\u00e9\nalors identifi\u00e9s&nbsp;: ad\u00e9quation interpersonnelle, \u00e9panouissement, sentiment\nde comp\u00e9tences, reconnaissance per\u00e7ue et volont\u00e9 d\u2019engagement. 4 composantes de\nla performance ont \u00e9t\u00e9 not\u00e9es&nbsp;: comp\u00e9titivit\u00e9, satisfaction des clients,\nengagement des salari\u00e9s et performance sociale. <\/p>\n\n\n\n<p>L\u2019analyse des r\u00e9sultats ont montr\u00e9 que les pratiques dites\nde \u00ab Haute Performance \u00bb ont des effets vari\u00e9s sur les diff\u00e9rentes dimensions\nde la performance et du bien-\u00eatre. Ainsi, des pratiques ont un effet localis\u00e9\net d\u2019autres qui impactent aussi bien le bien-\u00eatre que la performance. En outre,\nla satisfaction des clients, n\u2019est pas touch\u00e9e par les pratiques visant la\nperformance. De plus, la s\u00e9curit\u00e9 de l\u2019emploi, si elle est utile pour attirer\ndes comp\u00e9tences, n\u2019a pas de cons\u00e9quences ni sur le bien-\u00eatre des salari\u00e9s, ni\nsur la performance.<\/p>\n\n\n\n<p>D\u2019autres pratiques ont aussi bien des r\u00e9percussions sur le\nbien-\u00eatre que sur la performance&nbsp;: des politiques de participation des\nsalari\u00e9s, des formations innovantes et des dispositifs visant \u00e0 am\u00e9liorer la\ngestion des carri\u00e8res et l\u2019\u00e9valuation. <\/p>\n\n\n\n<p>En mati\u00e8re d\u2019innovation sociale, l\u2019initiative conjointe de\nBNP Paribas, Danone et Engie dont l\u2019objectif est de soutenir l\u2019intrapreneuriat\n\u00e0 impact positif, indique que les grandes entreprises commencent \u00e0 int\u00e9grer\ncette id\u00e9e qui soutient les pratiques de participation aux d\u00e9cisions et de\ngestion de carri\u00e8re.<\/p>\n\n\n\n<p>Par ailleurs, les caisses allocations familiales promeuvent une\nqualit\u00e9 de vie au travail au service du bien-\u00eatre au travail et de la\nperformance. Le conseil d\u00e9partemental de la Savoie consid\u00e8re le bien-\u00eatre et la\nsant\u00e9 au travail comme un axe strat\u00e9gique au service des salari\u00e9s et de la\npopulation locale.<\/p>\n","protected":false},"excerpt":{"rendered":"<p>La 5 G, la d\u00e9sinformation sur la sant\u00e9, la m\u00e9diatisation des enjeux spatiaux et le lien entre le bien-\u00eatre au travail et la performance : voici les mots-cl\u00e9s de cette revue de web estivale. La 5 G et la d\u00e9sinformation&#8230;<\/p>\n","protected":false},"author":1,"featured_media":2304,"comment_status":"closed","ping_status":"closed","sticky":false,"template":"","format":"standard","meta":[],"categories":[447],"tags":[152,421,226,225,26,39,24,82,412,473,42,197,448,146,472,49,109],"_links":{"self":[{"href":"http:\/\/www.valerie-brenugat.fr\/site\/wp-json\/wp\/v2\/posts\/2302"}],"collection":[{"href":"http:\/\/www.valerie-brenugat.fr\/site\/wp-json\/wp\/v2\/posts"}],"about":[{"href":"http:\/\/www.valerie-brenugat.fr\/site\/wp-json\/wp\/v2\/types\/post"}],"author":[{"embeddable":true,"href":"http:\/\/www.valerie-brenugat.fr\/site\/wp-json\/wp\/v2\/users\/1"}],"replies":[{"embeddable":true,"href":"http:\/\/www.valerie-brenugat.fr\/site\/wp-json\/wp\/v2\/comments?post=2302"}],"version-history":[{"count":11,"href":"http:\/\/www.valerie-brenugat.fr\/site\/wp-json\/wp\/v2\/posts\/2302\/revisions"}],"predecessor-version":[{"id":2315,"href":"http:\/\/www.valerie-brenugat.fr\/site\/wp-json\/wp\/v2\/posts\/2302\/revisions\/2315"}],"wp:featuredmedia":[{"embeddable":true,"href":"http:\/\/www.valerie-brenugat.fr\/site\/wp-json\/wp\/v2\/media\/2304"}],"wp:attachment":[{"href":"http:\/\/www.valerie-brenugat.fr\/site\/wp-json\/wp\/v2\/media?parent=2302"}],"wp:term":[{"taxonomy":"category","embeddable":true,"href":"http:\/\/www.valerie-brenugat.fr\/site\/wp-json\/wp\/v2\/categories?post=2302"},{"taxonomy":"post_tag","embeddable":true,"href":"http:\/\/www.valerie-brenugat.fr\/site\/wp-json\/wp\/v2\/tags?post=2302"}],"curies":[{"name":"wp","href":"https:\/\/api.w.org\/{rel}","templated":true}]}}