{"id":2422,"date":"2019-12-31T19:49:53","date_gmt":"2019-12-31T18:49:53","guid":{"rendered":"http:\/\/www.valerie-brenugat.fr\/site\/?p=2422"},"modified":"2020-01-03T19:22:14","modified_gmt":"2020-01-03T18:22:14","slug":"revue-de-web-decembre-3","status":"publish","type":"post","link":"http:\/\/www.valerie-brenugat.fr\/site\/revue-de-web-decembre-3\/","title":{"rendered":"REVUE DE WEB DECEMBRE"},"content":{"rendered":"\n<p>La presse en ligne, la d\u00e9marche scientifique, le community management et les personnalit\u00e9s fran\u00e7aises sur LinkedIn : voici les th\u00e8mes de cette revue de web de cette fin d&rsquo;ann\u00e9e.      <\/p>\n\n\n\n<h2> La presse en ligne et la d\u00e9marche scientifique <\/h2>\n\n\n\n<p>Dans la revue des m\u00e9dias sur le site Internet de l&rsquo;<a rel=\"noreferrer noopener\" aria-label=\"INA (s\u2019ouvre dans un nouvel onglet)\" href=\"https:\/\/larevuedesmedias.ina.fr\/fideliser-les-abonnes-un-enjeu-majeur-pour-la-presse-en-ligne\" target=\"_blank\">INA<\/a>, Juliette Labracherie, journaliste \u00e0 La Revue des m\u00e9dias, remarque que face \u00e0 la baisse importante des recettes publicitaires et de leur d\u00e9pendance \u00e0 Google et Facebook, les<strong> journaux<\/strong> optent de plus de plus pour la formule de l&rsquo;abonnement. Dans cet environnement concurrentiel, conserver les existants est une solution plus \u00e9conomique qu\u2019en convaincre de nouveaux.<br>Ainsi, Lib\u00e9ration proposait en juin dernier : un abonnement \u00e0 vie \u00e0 sa version num\u00e9rique permettant de prouver au public qu\u2019apr\u00e8s plusieurs p\u00e9riodes de difficult\u00e9s \u00e9conomiques, le \u00ab futur du journal \u00bb et les lecteurs continuant \u00e0 exister encore. Depuis l\u2019ann\u00e9e derni\u00e8re, le quotidien enrichit son offre avec enthousiasme. Mi-octobre, sur son site internet, la r\u00e9dactrice en chef de la rubrique Id\u00e9es C\u00e9cile Daumas, invitait \u00e0 d\u00e9couvrir un \u00ab univers visuel et sonore \u00bb : l\u2019application Bulb, une revue num\u00e9rique con\u00e7ue avec la m\u00eame ergonomie qu\u2019une plateforme de streaming, proposant une \u00ab nouvelle exp\u00e9rience de lecture \u00bb. Surtout, cette \u00ab bulle de lecture immersive \u00bb est r\u00e9serv\u00e9e aux abonn\u00e9s.<br>Avec des applications, des newsletters, des podcasts et des fonctionnalit\u00e9s plus discr\u00e8tes, la presse en ligne souhaite privil\u00e9gier ses abonn\u00e9s. D\u00e9but janvier 2019, le rapport annuel du Reuters Institute sur les pratiques num\u00e9riques des m\u00e9dias indiquait que sur 130 m\u00e9dias internationaux interrog\u00e9s, 52 % souhaitent faire de l\u2019abonnement num\u00e9rique leur principale source de chiffre d\u2019affaires en 2019. En France, Le Monde a vis\u00e9 le million d\u2019abonn\u00e9s num\u00e9riques \u00e0 l\u2019horizon 2025, alors qu&rsquo;il en enregistre aujourd\u2019hui plus de 200 000.<\/p>\n\n\n\n<p>L\u2019abonnement est un moyen de  moins  d\u00e9pendre des annonceurs \u00e0 l\u2019heure o\u00f9 Facebook et Google d\u00e9tient 61 % des revenus publicitaires en ligne. Entre une strat\u00e9gie ax\u00e9e sur la conqu\u00eate des abonn\u00e9s et une autre bas\u00e9e sur la fid\u00e9lisation, les m\u00e9dias pr\u00e9f\u00e8rent souvent la seconde, car celle-ci est moins co\u00fbteuse.<\/p>\n\n\n\n<p>La valorisation des offres d\u00e9j\u00e0 existantes se traduit notamment par la forme des articles et la plateforme propos\u00e9e aux lecteurs.<br> Depuis plusieurs ann\u00e9es, les sites de presse se diff\u00e9rencient par l\u2019apparence de leur version \u00ab non abonn\u00e9s \u00bb et de leur version \u00ab abonn\u00e9s \u00bb (absence de publicit\u00e9, mode zen,\u2026). Certains m\u00e9dias en ligne comme Nextinpact, Mediapart ou sur le m\u00eame mod\u00e8le Lib\u00e9ration, se distinguent en promettant \u00e0 leurs abonn\u00e9s l\u2019abandon des trackers publicitaires.<\/p>\n\n\n\n<p>La valeur ajout\u00e9e propos\u00e9e aux abonn\u00e9s repose aussi sur l\u2019exclusivit\u00e9 des contenus. Le podcast, plus incarn\u00e9 qu\u2019un contenu classique, s&rsquo;est ainsi r\u00e9v\u00e9l\u00e9 un bon moyen de renforcer le lien avec son lectorat. Alors qu\u2019en France, ce format se d\u00e9veloppe dans les grands m\u00e9dias, aux \u00c9tats-Unis, les offres de podcast se renforcent. Ainsi,en octobre dernier, le Financial Times a mis en ligne The Rachman Review, exclusivement r\u00e9serv\u00e9 \u00e0 ses abonn\u00e9s.<\/p>\n\n\n\n<p>Afin de renforcer l&rsquo;engagement, les r\u00e9dactions red\u00e9veloppent aussi des formats plus traditionnels, tel que celui de la newsletter, per\u00e7ue comme un moyen efficace de fid\u00e9lisation.<\/p>\n\n\n\n<p>Pour les r\u00e9dactions, ce format constitue aussi une continuit\u00e9 personnalis\u00e9e de leur ligne \u00e9ditoriale. Fin janvier, le quotidien du soir lan\u00e7ait \u00ab Le Monde de l\u2019\u00e9ducation \u00bb, r\u00e9unissant aujourd\u2019hui pr\u00e8s de 10 000 abonn\u00e9s au journal. Le titre d\u00e9clare 1,7 million d\u2019inscrits \u00e0 ses 15 newsletters gratuites ou r\u00e9serv\u00e9es aux abonn\u00e9s.L&rsquo;une des plus populaires \u00e0 destination des abonn\u00e9s, Le Brief \u2014 elle existe depuis le lancement de la premi\u00e8re offre d\u2019abonnement num\u00e9rique du Monde en 2002 et enregistre quelque 66 000 inscrits.<\/p>\n\n\n\n<p>A ces dispositifs \u00ab premium \u00bb, s&rsquo;ajoutent des services plus traditionnels, comme l\u2019\u00e9v\u00e9nementiel, les voyages ou les sorties culturelles (concerts, spectacles,\u2026) propos\u00e9s par exemple par Le Monde (\u00ab Le Monde \u00e9v\u00e9nements abonn\u00e9s \u00bb) ou Le Figaro (\u00ab Le Figaro Privil\u00e8ges). L\u2019acquisition d\u2019abonn\u00e9s fait \u00e9galement l\u2019objet de tests. LeFigaro.fr met en place ainsi un \u00ab paywall dynamique \u00bb capable de filtrer les contenus de mani\u00e8re diff\u00e9rente en fonction du comportement du lecteur, adaptant le message marketing au profil de l\u2019utilisateur. Quant au Monde, il financerait aussi un projet de segmentation des tarifs de ses abonnements en ligne.<br> <\/p>\n\n\n\n<p>\u00c0 travers ces offres larges et personnalis\u00e9es, au prix ajustable, la presse en ligne cherche ainsi \u00e0 se d\u00e9marquer d\u2019une concurrence renforc\u00e9e au fil des ann\u00e9es.<\/p>\n\n\n\n<p><iframe loading=\"lazy\" width=\"853\" height=\"480\" src=\"https:\/\/www.youtube.com\/embed\/Yk-KVH-D9mQ\" frameborder=\"0\" allow=\"accelerometer; autoplay; encrypted-media; gyroscope; picture-in-picture\" allowfullscreen=\"\"><\/iframe><\/p>\n\n\n\n<p><\/p>\n\n\n\n<p><h2>Du community management aux influenceurs sur LinkedIn<\/h2><\/p>\n\n\n\n<p>Alexandra Patard d\u00e9voile les r\u00e9sultats 2019 de l\u2019enqu\u00eate du <a rel=\"noreferrer noopener\" aria-label=\"Blog du Mod\u00e9rateur (s\u2019ouvre dans un nouvel onglet)\" href=\"https:\/\/www.blogdumoderateur.com\/enquete-cm-2019\/\" target=\"_blank\">Blog du Mod\u00e9rateur<\/a> sur les <strong>community managers<\/strong> en France. Si la mission principale du community manager reste l\u2019animation des communaut\u00e9s sur les r\u00e9seaux sociaux, leur titre de poste peut varier en fonction de leur employeur.69% des r\u00e9pondants \u00e0 cette enqu\u00eate sont des femmes (66% en 2018). La grande majorit\u00e9 des community managers ont entre 21 et 30 ans. Si l\u2019\u00cele-de-France reste le bassin d\u2019emploi de la profession (34%), des d\u00e9partements et des villes attirent aussi ces professionnels :le Rh\u00f4ne (Lyon), le Nord (Lille), la Gironde (Bordeaux), la Haute-Garonne (Toulouse) et la Loire-Atlantique (Nantes). Le community management est consid\u00e9r\u00e9 plus s\u00e9rieusement par les entreprises ces derni\u00e8res ann\u00e9es. Une hausse des postes stables est constat\u00e9e.Les community managers pratiquent leur m\u00e9tier dans trois types de structures : chez l\u2019annonceur (53%), en agence de communication (20%) et dans des institutions publiques (18%). Facebook demeure le r\u00e9seau social le plus utilis\u00e9 par les community managers cette ann\u00e9e. N\u00e9anmoins, l&rsquo;enqu\u00eate confirme la progression d\u2019Instagram et LinkedIn devance Twitter, qui est suivi de pr\u00e8s par YouTube.<\/p>\n\n\n\n<p class=\"has-text-align-left\">LinkedIn dresse pour la quatri\u00e8me ann\u00e9e cons\u00e9cutive son classement des 10 plus gros <strong>influenceurs<\/strong> et des 25 membres les plus remarqu\u00e9s sur <strong>LinkedIn<\/strong> en France. Valerie Landrieu, journaliste aux <a rel=\"noreferrer noopener\" aria-label=\"Echos (s\u2019ouvre dans un nouvel onglet)\" href=\"https:\/\/business.lesechos.fr\/directions-generales\/metier-et-carriere\/associations-professionnelles-et-reseaux\/0602350754641-les-dirigeants-d-entreprise-en-force-sur-linkedin-333532.php\" target=\"_blank\">Echos<\/a>, r\u00e9v\u00e8le qu&rsquo;en France, sept chefs d&rsquo;entreprise sont pr\u00e9sents dans le palmar\u00e8s. Ce classement est bas\u00e9 sur leur activit\u00e9 au cours de l&rsquo;ann\u00e9e \u00e9coul\u00e9e : articles, partages, commentaires et vid\u00e9os.<br>En France, Michel-Edouard Leclerc, pr\u00e9sident du groupement E.Leclerc, garde la premi\u00e8re place du classement, d\u00e9passant le pr\u00e9sident de la R\u00e9publique, Emmanuel Macron. Quant \u00e0 Pauline Laigneau, pr\u00e9sidente fondatrice de Gemmyo, un site de vente en ligne de joaillerie, elle entre dans le palmar\u00e8s \u00e0 la quatri\u00e8me place.<br>Ensuite, le directeur g\u00e9n\u00e9ral du groupe Soci\u00e9t\u00e9 G\u00e9n\u00e9rale, Fr\u00e9d\u00e9ric Oud\u00e9a, arrive ainsi en sixi\u00e8me place et il est imm\u00e9diatement suivi par Nathalie Balla, pr\u00e9sidente de La Redoute et de Relais Colis, puis de Fr\u00e9d\u00e9ric<br> Mazzella,  pr\u00e9sident fondateur de BlaBlaCar. Dominique Schelcher,<br> pr\u00e9sident de Syst\u00e8me U, figure \u00e9galement au palmar\u00e8s. Le dirigeant est, en outre, tr\u00e8s pr\u00e9sent sur Twitter depuis 2011. Enfin, Isabelle Kocher, directrice g\u00e9n\u00e9rale d&rsquo;Engie,figure dans le haut du palmares.<br>Parmi les vingt-cinq membres, qui d\u00e9clenchent le plus de discussions,<br> se trouvent \u00e9galement plusieurs personnalit\u00e9s du monde \u00e9conomique, d\u00e9montrant notamment la vigueur du d\u00e9bat sur les  enjeux climatiques et la transformation des mod\u00e8les. Justine Hutteau, fondatrice de Respire, et Jean-Marc Jancovici, associ\u00e9 fondateur du cabinet de conseil Carbone 4 et pr\u00e9sident du think tank The Shift Project sont ainsi pr\u00e9sents, de m\u00eame que Ga\u00ebl Chatelain-Berry, fondateur de Feel Good Management Consulting.  Enfin, Octave Klaba, pr\u00e9sident OVHcloud et Isaac Getz, enseignant \u00e0  l&rsquo;ESCP Business School et auteur de plusieurs  ouvrages sur le leadership, sont des personnalit\u00e9s influentes sur LinkedIn.<br>Bonne ann\u00e9e !<\/p>\n","protected":false},"excerpt":{"rendered":"<p>La presse en ligne, la d\u00e9marche scientifique, le community management et les personnalit\u00e9s fran\u00e7aises sur LinkedIn : voici les th\u00e8mes de cette revue de web de cette fin d&rsquo;ann\u00e9e. La presse en ligne et la d\u00e9marche scientifique Dans la revue&#8230;<\/p>\n","protected":false},"author":1,"featured_media":2424,"comment_status":"closed","ping_status":"closed","sticky":false,"template":"","format":"standard","meta":[],"categories":[396],"tags":[63,427,153,152,293,14],"_links":{"self":[{"href":"http:\/\/www.valerie-brenugat.fr\/site\/wp-json\/wp\/v2\/posts\/2422"}],"collection":[{"href":"http:\/\/www.valerie-brenugat.fr\/site\/wp-json\/wp\/v2\/posts"}],"about":[{"href":"http:\/\/www.valerie-brenugat.fr\/site\/wp-json\/wp\/v2\/types\/post"}],"author":[{"embeddable":true,"href":"http:\/\/www.valerie-brenugat.fr\/site\/wp-json\/wp\/v2\/users\/1"}],"replies":[{"embeddable":true,"href":"http:\/\/www.valerie-brenugat.fr\/site\/wp-json\/wp\/v2\/comments?post=2422"}],"version-history":[{"count":17,"href":"http:\/\/www.valerie-brenugat.fr\/site\/wp-json\/wp\/v2\/posts\/2422\/revisions"}],"predecessor-version":[{"id":2442,"href":"http:\/\/www.valerie-brenugat.fr\/site\/wp-json\/wp\/v2\/posts\/2422\/revisions\/2442"}],"wp:featuredmedia":[{"embeddable":true,"href":"http:\/\/www.valerie-brenugat.fr\/site\/wp-json\/wp\/v2\/media\/2424"}],"wp:attachment":[{"href":"http:\/\/www.valerie-brenugat.fr\/site\/wp-json\/wp\/v2\/media?parent=2422"}],"wp:term":[{"taxonomy":"category","embeddable":true,"href":"http:\/\/www.valerie-brenugat.fr\/site\/wp-json\/wp\/v2\/categories?post=2422"},{"taxonomy":"post_tag","embeddable":true,"href":"http:\/\/www.valerie-brenugat.fr\/site\/wp-json\/wp\/v2\/tags?post=2422"}],"curies":[{"name":"wp","href":"https:\/\/api.w.org\/{rel}","templated":true}]}}