{"id":2784,"date":"2021-07-29T12:45:35","date_gmt":"2021-07-29T11:45:35","guid":{"rendered":"http:\/\/www.valerie-brenugat.fr\/site\/?p=2784"},"modified":"2021-12-06T18:45:58","modified_gmt":"2021-12-06T17:45:58","slug":"revue-de-web-juillet-6","status":"publish","type":"post","link":"http:\/\/www.valerie-brenugat.fr\/site\/revue-de-web-juillet-6\/","title":{"rendered":"SCIENCE, FAKE NEWS ET TELETRAVAIL"},"content":{"rendered":"\n<p>Les relations des Fran\u00e7ais avec la science, l\u2019incidence des fake news sur le comportement, les tendances des conversations sur Twitter et l\u2019infob\u00e9sit\u00e9 du t\u00e9l\u00e9travailler hyperconnect\u00e9&nbsp;: voici les sujets de cette revue de web en plein \u00e9t\u00e9.<\/p>\n\n\n\n<p><strong>Science et comportement<\/strong><\/p>\n\n\n\n<p>La science est une histoire de confiance avec les Fran\u00e7ais. Pour le site Internet de <a href=\"https:\/\/theconversation.com\/les-francais-et-la-science-une-histoire-de-confiance-158929\" target=\"_blank\" rel=\"noreferrer noopener\">The Conversation<\/a>, Michel Dubois, Directeur de recherche CNRS \u00e0 Sorbonne Universit\u00e9, Martin Bauer, Directeur du master de Communication Publique et Sociale, professeur de psychologie sociale \u00e0 London School of Economics and Political Science et Pauline Hervois, \u00e9tudiante post-doctorante au Centre de Recherche sur les M\u00e9diations (CREM), Universit\u00e9 de Lorraine, \u00e9tudient les relations entre les Fran\u00e7ais et la <strong>science<\/strong>. Ils citent le directeur de l\u2019Institut Sapiens qui notait un lien fort entre d\u00e9fiance et d\u00e9ficit de culture scientifique \u00e0 la lecture du Barom\u00e8tre Science et Soci\u00e9t\u00e9 r\u00e9alis\u00e9 par Ipsos en 2020. Par ailleurs, les experts remarquent que la plupart des grandes enqu\u00eates r\u00e9alis\u00e9es ces derni\u00e8res ann\u00e9es montrent qu\u2019il faut abandonner l\u2019id\u00e9e d\u2019une relation lin\u00e9aire entre connaissance et adh\u00e9sion, \u00e0 prendre conscience de la relative stabilit\u00e9 des attitudes envers la Science comme institution et \u00e0 interpr\u00e9ter leurs possibles fluctuations pendant les p\u00e9riodes agit\u00e9es selon un mod\u00e8le dit du saut \u00e0 l\u2019\u00e9lastique (\u00ab bungee jump model \u00bb).<\/p>\n\n\n\n<p>En outre, une enqu\u00eate sur Les Fran\u00e7ais et la science 2020 a \u00e9t\u00e9 r\u00e9alis\u00e9e du 28 octobre au 27 novembre 2020 aupr\u00e8s d\u2019un \u00e9chantillon repr\u00e9sentatif de 3 500 Fran\u00e7ais \u00e2g\u00e9s de plus de 18 ans par l\u2019Universit\u00e9 de Lorraine, en partenariat avec la London School of Economics and Political Science (LSE) et le Groupe d\u2019\u00c9tude des M\u00e9thodes de l\u2019Analyse Sociologique de la Sorbonne (GEMASS). Elle r\u00e9v\u00e8le que 83 %, continue \u00e0 faire \u00ab un peu \u00bb ou \u00ab beaucoup \u00bb confiance aux scientifiques ou aux universitaires \u00ab pour dire la v\u00e9rit\u00e9 sur le coronavirus \u00bb. La confiance exprim\u00e9e envers les m\u00e9decins est encore plus nette avec un score de 92 %. Cette confiance se distribue entre les diff\u00e9rentes disciplines concern\u00e9es par la recherche sur la Covid-19. Elle s\u2019oriente prioritairement vers les scientifiques associ\u00e9s aux enjeux de sant\u00e9 : les virologues (90 %), les \u00e9pid\u00e9miologistes (88 %), les g\u00e9n\u00e9ticiens (85 %), les chercheurs en sciences sociales (70 %) et les \u00e9conomistes (43 %).<\/p>\n\n\n\n<p>La France est l\u2019un des pays dans lequel ce sentiment d\u2019ambivalence est le plus partag\u00e9. Selon l\u2019enqu\u00eate Les Fran\u00e7ais et la science 2020, 61,5 % de notre \u00e9chantillon consid\u00e8re en effet que la science apporte \u00e0 l\u2019homme \u00ab autant de bien que de mal \u00bb. Enfin, l\u2019h\u00e9sitation vaccinale est largement ind\u00e9pendante du niveau d\u2019\u00e9ducation.<\/p>\n\n\n\n<figure class=\"wp-block-embed is-type-rich is-provider-prise-en-charge-des-contenus-embarques wp-block-embed-prise-en-charge-des-contenus-embarques wp-embed-aspect-16-9 wp-has-aspect-ratio\"><div class=\"wp-block-embed__wrapper\">\n<iframe loading=\"lazy\" title=\"Adresse aux Fran\u00e7ais - 12 juillet 2021\" width=\"640\" height=\"360\" src=\"https:\/\/www.youtube.com\/embed\/uzOXfvVipvs?feature=oembed\" frameborder=\"0\" allow=\"accelerometer; autoplay; clipboard-write; encrypted-media; gyroscope; picture-in-picture\" allowfullscreen><\/iframe>\n<\/div><\/figure>\n\n\n\n<p>Les fausses informations sur le Covid entrainent une modification des comportements des individus. Pour le site Internet de l\u2019<a href=\"https:\/\/www.ladn.eu\/media-mutants\/reseaux-sociaux\/covid-fake-news-infox-changent-comportement\/\" target=\"_blank\" rel=\"noreferrer noopener\">ADN<\/a>, le journaliste David-Julien Rahmil r\u00e9v\u00e8le les r\u00e9sultats de l\u2019\u00e9tude effectu\u00e9e par la professeure Ciara Greene de l\u2019\u00c9cole de Psychologie de l\u2019University College de Dublin, et Gillian Murph de l&rsquo;\u00e9cole de psychologie appliqu\u00e9e \u00e0 l\u2019University College Cork sur l\u2019impact des fake news sur les individus.<\/p>\n\n\n\n<p>Effectu\u00e9e en mai 2020 aupr\u00e8s de 4 500 personnes, l\u2019\u00e9tude consistait \u00e0 transmettre \u00e0 chaque participant quatre informations vraies et deux infox concernant l&rsquo;\u00e9pid\u00e9mie de Coronavirus. Apr\u00e8s la lecture des fausses informations, le comportement des cobayes a chang\u00e9 l\u00e9g\u00e8rement les mois suivants. Seuls 5 % des participants ont d\u00e9clar\u00e9 \u00eatre moins enclins \u00e0 t\u00e9l\u00e9charger l\u2019application de contact tracing apr\u00e8s avoir vu l&rsquo;information. D\u2019autres ont cr\u00e9\u00e9 de faux souvenirs li\u00e9s \u00e0 une des <strong>fake news<\/strong> montr\u00e9es pendant l\u2019exp\u00e9rience. Ils \u00e9taient convaincus d\u2019avoir entendu cette information ailleurs.<\/p>\n\n\n\n<p>L\u2019influence des infox sur le comportement semble donc minime. Mais selon les deux scientifiques, la r\u00e9p\u00e9tition de l\u2019exposition aux fake news semblent avoir plus de cons\u00e9quences sur les comportements. De plus, les scientifiques ont not\u00e9 que pr\u00e9venir les participants de la pr\u00e9sence de fausses informations n\u2019a entra\u00een\u00e9 aucune r\u00e9percussion sur les r\u00e9sultats. Conclusion : les messages de pr\u00e9ventions g\u00e9n\u00e9riques diffus\u00e9s par les plateformes sociales ou les gouvernements contre les fakes news seraient donc inutiles.<\/p>\n\n\n\n<p><strong>De twitter \u00e0 l\u2019hyperconnexion<\/strong><\/p>\n\n\n\n<p>Si Twitter est un vecteur de fake news, il est un lieu de discussions et un outil de communication pour les marques. Pour le site Internet du <a href=\"https:\/\/www.blogdumoderateur.com\/twitter-decrypte-tendances-conversations-2021\/\" target=\"_blank\" rel=\"noreferrer noopener\">blog du Mod\u00e9rateur<\/a>, Ikrame El Bouayadi, la directrice marketing de Twitter France, commente l\u2019\u00e9tude #TwitterTrends afin de traiter des tendances de conversations actuelles sur <strong>Twitter<\/strong>.<\/p>\n\n\n\n<p>R\u00e9alis\u00e9e entre 2019 et 2021, cette \u00e9tude a port\u00e9 sur plusieurs milliards de tweets autour de pr\u00e8s de 300 000 sujets diff\u00e9rents, et \u00e0 travers 8 pays : France, \u00c9tats-Unis, Canada, Royaume-Uni, Australie, Espagne, Br\u00e9sil et Inde.<\/p>\n\n\n\n<p>Parmi les principales informations \u00e0 retenir de cette \u00e9tude, 6 tendances communes ressortent dans les 8 pays analys\u00e9s : le bien \u00eatre, la cr\u00e9ativit\u00e9, l\u2019inspiration, la plan\u00e8te, la vie connect\u00e9e et l\u2019identit\u00e9. Une augmentation de 148 % de conversations sur la technologie dans le quotidien est constat\u00e9e sur les 2 ann\u00e9es et cela s\u2019explique partiellement par la pand\u00e9mie et la g\u00e9n\u00e9ralisation du t\u00e9l\u00e9travail.<\/p>\n\n\n\n<p>En revanche, la sant\u00e9 en France n\u2019est pas trait\u00e9e de la m\u00eame fa\u00e7on qu\u2019aux \u00c9tats-Unis ou qu\u2019au Royaume-Uni sur Twitter. Les internautes fran\u00e7ais ont plus tendance \u00e0 aborder la sant\u00e9 physique alors que les pays anglo-saxons \u00e9changent plus ais\u00e9ment sur la sant\u00e9 mentale. De plus, aux \u00c9tats-Unis, beaucoup de discussions sur ce th\u00e8me portent sur l\u2019acc\u00e8s et de la qualit\u00e9 du syst\u00e8me de sant\u00e9.<\/p>\n\n\n\n<p>L\u2019arriv\u00e9e de la technologie dans le quotidien est l\u2019une des tendances communes aux 8 march\u00e9s analys\u00e9s. Si des sujets pr\u00e9cis pr\u00e9dominent selon les pays, les sujets de discussion sur la technologie en France concernent la sant\u00e9 (t\u00e9l\u00e9m\u00e9decine) et l\u2019\u00e9ducation.<\/p>\n\n\n\n<p>Selon l\u2019experte, les marques doivent bien comprendre ces conversations, pour des raisons de communication et de business. La pertinence culturelle est le troisi\u00e8me crit\u00e8re d\u2019achat, apr\u00e8s le rapport qualit\u00e9-prix et la r\u00e9putation et l\u2019avis sur une marque. Selon Kantar, il existe une forte corr\u00e9lation rapprochant les conversations autour d\u2019une marque et ses revenus (70%). Ikrame El Bouayadi livre 3 conseils pour les marques qui souhaitent am\u00e9liorer leur pertinence culturelle : \u00eatre \u00e0 l\u2019\u00e9coute des tendances \u00e0 travers des outils comme Twitter Polls et identifier les sujets en affinit\u00e9 avec l\u2019audience de la marque (s\u2019associer \u00e0 des \u00e9v\u00e9nements en lien avec les int\u00e9r\u00eats de ses clients) et exploiter les possibilit\u00e9s de la plateforme en termes de solutions. Twitter permet aussi un ciblage pr\u00e9cis, qui peut se faire sur la localisation, la p\u00e9riode, les mots cl\u00e9s\u2026 En outre, les vid\u00e9os de courte dur\u00e9e et les images figurent parmi les contenus les plus consomm\u00e9s du moment. Enfin, des outils d\u00e9di\u00e9s aux marques tel que le Trend Takeover, qui se situe dans l\u2019onglet Explorer, permettent d\u2019\u00eatre plac\u00e9 au c\u0153ur des conversations pendant 24h, sur un jour pr\u00e9cis et avec un emplacement premium dans les tops tweets.<\/p>\n\n\n\n<p>Le t\u00e9l\u00e9travailleur est inond\u00e9 d\u2019informations en raison de son hyperconnexion. Fabien Soyez, journaliste Web et Community Manager du site Internet <a href=\"http:\/\/courriercadres.com\/vie-au-travail-2\/e-mails-visios-infobesite-et-hyperconnexion-la-journee-type-du-teletravailleur-connecte-09072021\" target=\"_blank\" rel=\"noreferrer noopener\">Courrier Cadres<\/a>, d\u00e9voile les r\u00e9sultats du Barom\u00e8tre des <strong>usages num\u00e9riques<\/strong> et de la d\u00e9connexion de Mailoop. Cette \u00e9tude se penche en particulier sur la quantit\u00e9 d\u2019e-mails trait\u00e9s quotidiennement par les salari\u00e9s, les managers et les dirigeants. Ces messages entrainent des pertes de temps et de concentration.<\/p>\n\n\n\n<p>Les salari\u00e9s consacrent 1 h 40 par jour \u00e0 traiter des messages \u00e9lectroniques. Un chiffre qui monte \u00e0 2 h 24 chez les managers, jusqu\u2019\u00e0 3 h 40 chez les dirigeants. En volume, les collaborateurs re\u00e7oivent 24 e-mails (hors spam) chaque jour, les cadres de proximit\u00e9 38, et les chefs d\u2019entreprise 63. Les courriels qui sont \u00e0 84 % internes \u00e0 l\u2019organisation, g\u00e9n\u00e8rent des interruptions, de la d\u00e9concentration et de la fatigue. Selon le barom\u00e8tre, 12 % des courriels des courriels ne requ\u00e9rant pas de traitement imm\u00e9diat comme les newsletters (39 %) et les invitations (37 %).<\/p>\n\n\n\n<p>Les e-mails consomment en moyenne 2 heures du \u201ctemps de concentration quotidien\u201d des collaborateurs. Ainsi, sur 30 messages re\u00e7us chaque jour en moyenne, 8 ne sont jamais lus, soit 27 %. Par ailleurs, 23 % des courriels sont envoy\u00e9s les matins, soirs et week-end. Les dirigeants en exp\u00e9dient 3 fois plus que les autres hors temps de travail.<\/p>\n\n\n\n<p>En outre, plus de 4 r\u00e9unions sur 10 durent plus de 1 h 30. Les salari\u00e9s consacrent 39 minutes de leur temps en r\u00e9union, les managers 1 h 12, et les dirigeants 2 h 45. En tout, cela repr\u00e9sente 56 minutes du \u201ctemps de concentration quotidien\u201d des (t\u00e9l\u00e9)travailleurs connect\u00e9s.<\/p>\n\n\n\n<p>Pour finir cette revue de web, voici une vid\u00e9o qui retrace l&rsquo;histoire du Bar des Sciences Paris (dont je suis un des acteurs) :<\/p>\n\n\n\n<figure class=\"wp-block-embed is-type-video is-provider-youtube wp-block-embed-youtube wp-embed-aspect-16-9 wp-has-aspect-ratio\"><div class=\"wp-block-embed__wrapper\">\n<iframe loading=\"lazy\" title=\"Bar des Sciences Paris - Plus de 20 ans d&#039;histoire !\" width=\"640\" height=\"360\" src=\"https:\/\/www.youtube.com\/embed\/RaOrOlszS2w?feature=oembed\" frameborder=\"0\" allow=\"accelerometer; autoplay; clipboard-write; encrypted-media; gyroscope; picture-in-picture\" allowfullscreen><\/iframe>\n<\/div><\/figure>\n\n\n\n<p><\/p>\n","protected":false},"excerpt":{"rendered":"<p>Les relations des Fran\u00e7ais avec la science, l\u2019incidence des fake news sur le comportement, les tendances des conversations sur Twitter et l\u2019infob\u00e9sit\u00e9 du t\u00e9l\u00e9travailler hyperconnect\u00e9&nbsp;: voici les sujets de cette revue de web en plein \u00e9t\u00e9. Science et comportement La&#8230;<\/p>\n","protected":false},"author":1,"featured_media":2801,"comment_status":"closed","ping_status":"closed","sticky":false,"template":"","format":"standard","meta":[],"categories":[372],"tags":[503,536,538,455,190,25,14,42,40,84,146,537,109,520],"_links":{"self":[{"href":"http:\/\/www.valerie-brenugat.fr\/site\/wp-json\/wp\/v2\/posts\/2784"}],"collection":[{"href":"http:\/\/www.valerie-brenugat.fr\/site\/wp-json\/wp\/v2\/posts"}],"about":[{"href":"http:\/\/www.valerie-brenugat.fr\/site\/wp-json\/wp\/v2\/types\/post"}],"author":[{"embeddable":true,"href":"http:\/\/www.valerie-brenugat.fr\/site\/wp-json\/wp\/v2\/users\/1"}],"replies":[{"embeddable":true,"href":"http:\/\/www.valerie-brenugat.fr\/site\/wp-json\/wp\/v2\/comments?post=2784"}],"version-history":[{"count":16,"href":"http:\/\/www.valerie-brenugat.fr\/site\/wp-json\/wp\/v2\/posts\/2784\/revisions"}],"predecessor-version":[{"id":2964,"href":"http:\/\/www.valerie-brenugat.fr\/site\/wp-json\/wp\/v2\/posts\/2784\/revisions\/2964"}],"wp:featuredmedia":[{"embeddable":true,"href":"http:\/\/www.valerie-brenugat.fr\/site\/wp-json\/wp\/v2\/media\/2801"}],"wp:attachment":[{"href":"http:\/\/www.valerie-brenugat.fr\/site\/wp-json\/wp\/v2\/media?parent=2784"}],"wp:term":[{"taxonomy":"category","embeddable":true,"href":"http:\/\/www.valerie-brenugat.fr\/site\/wp-json\/wp\/v2\/categories?post=2784"},{"taxonomy":"post_tag","embeddable":true,"href":"http:\/\/www.valerie-brenugat.fr\/site\/wp-json\/wp\/v2\/tags?post=2784"}],"curies":[{"name":"wp","href":"https:\/\/api.w.org\/{rel}","templated":true}]}}