{"id":3296,"date":"2023-01-29T20:35:22","date_gmt":"2023-01-29T19:35:22","guid":{"rendered":"http:\/\/www.valerie-brenugat.fr\/site\/?p=3296"},"modified":"2023-02-28T12:34:31","modified_gmt":"2023-02-28T11:34:31","slug":"information-environnement-et-sante","status":"publish","type":"post","link":"http:\/\/www.valerie-brenugat.fr\/site\/information-environnement-et-sante\/","title":{"rendered":"INFORMATION, ENVIRONNEMENT ET SANTE"},"content":{"rendered":"\n<p>Le lobbying environnemental, le d\u00e9sint\u00e9r\u00eat des jeunes par rapport \u00e0 l\u2019environnement, l\u2019instrumentalisation de l\u2019information sanitaire et les r\u00e9seaux sociaux&nbsp;: voici les sujets de la revue de web en ce d\u00e9but d\u2019ann\u00e9e.<\/p>\n\n\n\n<p><strong>Du lobbying \u00e0 l\u2019\u00e9coanxi\u00e9t\u00e9<\/strong><\/p>\n\n\n\n<p>Le lobbying est un moyen pour informer sur le changement climatique. Sur le site Internet <a rel=\"noreferrer noopener\" href=\"https:\/\/larevuedesmedias.ina.fr\/jean-marc-jancovici-journalistes-stars-changement-climatique-ski-combloux-lobbying\" target=\"_blank\">La Revue des M\u00e9dias<\/a>, le journaliste Thibaut Schepman raconte le <strong>lobbying<\/strong> exerc\u00e9 par Jean-Marc Jancovici aupr\u00e8s des journalistes dans une station de ski. Pendant plus d\u2019une d\u00e9cennie, il  a  invit\u00e9 au ski pr\u00e8s de 200 journalistes pour s\u2019informer \u00e0 ses c\u00f4t\u00e9s.<\/p>\n\n\n\n<p>\u00c0 onze reprises entre 2006 et 2019, des journalistes c\u00e9l\u00e8bres, des pr\u00e9sentateurs m\u00e9t\u00e9o et surtout des chefs de rubrique Environnement ont pass\u00e9 des week-ends prolong\u00e9s \u00e0 Combloux, une station de ski savoyarde Haute-Savoie chic et pr\u00e9serv\u00e9e. Le but de ces \u00ab Entretiens de Combloux : \u00ab fournir les grandes donn\u00e9es de cadrage sur l\u2019\u00e9nergie et le changement climatique \u00bb \u00e0 \u00ab des personnes qui comptent dans le paysage m\u00e9diatique \u00bb .<\/p>\n\n\n\n<p>En 2005, le journaliste et animateur de conf\u00e9rences Jean-Louis Caffier et l\u2019ing\u00e9nieur polytechnicien cr\u00e9ent une association, \u00ab Climat-Energie Humanit\u00e9-M\u00e9dias \u00bb afin de former des journalistes. Leur cible&nbsp;: les r\u00e9dacteurs et r\u00e9dactrices en chef et les journalistes stars. Pro-nucl\u00e9aire et blogueur, Jean-Marc Jancovici est alors l\u2019influent \u00ab conseiller \u00e9nergie-climat \u00bb de Nicolas Hulot, jouant ainsi un r\u00f4le politique.<\/p>\n\n\n\n<p>Plusieurs experts renomm\u00e9s interviennent \u00e9galement lors de ces s\u00e9minaires. Herv\u00e9 Le Treut, r\u00e9f\u00e9rence internationale en mati\u00e8re de climat et cofondateur de ces \u00ab Entretiens \u00bb en est un exemple.<\/p>\n\n\n\n<p>Mais les entretiens de Combloux ont \u00e9t\u00e9 arr\u00eat\u00e9s depuis la crise sanitaire. Jean-Marc Jancovici influence \u00e0 travers \u00ab&nbsp;Le Monde sans fin&nbsp;\u00bb, une bande dessin\u00e9e consacr\u00e9e au climat et \u00e0 l\u2019\u00e9nergie et dans ses cours film\u00e9s diffus\u00e9s sur Youtube.<\/p>\n\n\n\n<p>Malgr\u00e9 les lobbyings, les probl\u00e8mes environnementaux ne mobilisent pas assez la jeunesse. Pour le site Internet de <a href=\"https:\/\/www.ladn.eu\/actualite\/etudiants-impact-environnemental-ecoanxiete\/\" target=\"_blank\" rel=\"noreferrer noopener\">L\u2019ADN<\/a>, Peggy Baron r\u00e9v\u00e8le les r\u00e9sultats d\u2019une \u00e9tude effectu\u00e9e par Opsio et Back Market pour analyser la perception des jeunes sur leur <strong>impact environnemental <\/strong>et leur compr\u00e9hension des enjeux \u00e9cologiques de la tech. R\u00e9sultat&nbsp;: 47 % des jeunes interrog\u00e9s pensent que l&rsquo;existence du r\u00e9chauffement climatique n\u2019a pas \u00e9t\u00e9 d\u00e9montr\u00e9e scientifiquement.<\/p>\n\n\n\n<p>Une partie des jeunes disent, en effet, ne pas \u00eatre int\u00e9ress\u00e9s par les questions environnementales. Parmi eux, 62 % le justifient par des sentiments d\u2019impuissance et de d\u00e9faitisme. Pour ceux qui se d\u00e9clarent pr\u00e9occup\u00e9s, beaucoup pr\u00e9cisent ressentir un sentiment d&rsquo;inqui\u00e9tude, voire d&rsquo;angoisse, face aux r\u00e9percussions \u00e9cologiques. Selon une autre \u00e9tude r\u00e9alis\u00e9e dans une dizaine de pays (dont la France), 45 % des jeunes connaissent une \u00e9co-anxi\u00e9t\u00e9.<\/p>\n\n\n\n<p>Malgr\u00e9 le sentiment d\u2019impuissance, 73 % des sond\u00e9s indiquent se pr\u00e9occuper de leur impact et sont concern\u00e9s par les probl\u00e8mes environnementaux. 67 % estiment pouvoir jouer un r\u00f4le dans la protection de l\u2019environnement. L&rsquo;enqu\u00eate a aussi montr\u00e9 que de nombreux jeunes expriment un grand int\u00e9r\u00eat \u00e0 l\u2019\u00e9conomie circulaire.<\/p>\n\n\n\n<p>Autre r\u00e9v\u00e9lation de l&rsquo;\u00e9tude : 1\/4 des \u00e9tudiants interrog\u00e9s ne connaissent pas le concept d\u2019\u00ab empreinte carbone \u00bb, et pr\u00e8s de la moiti\u00e9 d\u2019entre eux d\u00e9clarent ne pas \u00eatre assez inform\u00e9s sur leur impact environnemental. Ces chiffres ont \u00e9t\u00e9 confirm\u00e9s par une \u00e9tude de 2021 effectu\u00e9e par le Coll\u00e8ge de France sur le rapport des jeunes fran\u00e7ais \u00e0 la science et au r\u00e9chauffement climatique. 55% des sond\u00e9s d\u00e9claraient alors ne pas conna\u00eetre la signification de l\u2019expression \u00ab empreinte \u00e9cologique \u00bb. Ainsi, 47 % des jeunes questionn\u00e9s remarquent que la r\u00e9alit\u00e9 du r\u00e9chauffement climatique n\u2019a pas \u00e9t\u00e9 d\u00e9montr\u00e9e scientifiquement.<\/p>\n\n\n\n<figure class=\"wp-block-embed is-type-video is-provider-youtube wp-block-embed-youtube wp-embed-aspect-16-9 wp-has-aspect-ratio\"><div class=\"wp-block-embed__wrapper\">\n<iframe loading=\"lazy\" title=\"M\u00e9dias traditionnels : la confiance des Fran\u00e7ais progresse! 26\/01\" width=\"640\" height=\"360\" src=\"https:\/\/www.youtube.com\/embed\/P_PRBYStpoA?feature=oembed\" frameborder=\"0\" allow=\"accelerometer; autoplay; clipboard-write; encrypted-media; gyroscope; picture-in-picture; web-share\" allowfullscreen><\/iframe>\n<\/div><\/figure>\n\n\n\n<p><strong>L\u2019information sanitaire et les r\u00e9seaux sociaux<\/strong><\/p>\n\n\n\n<p>L\u2019information peut \u00eatre une arme entre les Etats. Sur le <a rel=\"noreferrer noopener\" href=\"https:\/\/portail-ie.fr\/analysis\/4235\/covid-19-linstrumentalisation-de-linformation-sanitaire-au-cur-des-rapports-de-force\" target=\"_blank\">portail de l\u2019Intelligence \u00e9conomique<\/a>, Ines Sarter, risk manager en s\u00fbret\u00e9 internationale, constate que la pand\u00e9mie de la Covid-19 a entra\u00een\u00e9 une crise de l&rsquo;information. Les acteurs du renseignement en sant\u00e9 publique sont confront\u00e9s aux plusieurs repr\u00e9sentations de l&rsquo;information sanitaire dans le monde pr\u00e9sentes dans les enjeux de rivalit\u00e9s de pouvoir.<\/p>\n\n\n\n<p>L&rsquo;<strong>information sanitaire<\/strong> est le pilier de la sant\u00e9 publique. Face aux maladies infectieuses \u00e9mergentes, les autorit\u00e9s sanitaires doivent obtenir des informations rigoureuses. Depuis le d\u00e9but de la pand\u00e9mie, l\u2019information sanitaire a \u00e9t\u00e9 vuln\u00e9rable. Sa falsification, sa manipulation ou sa fausset\u00e9 influencent directement les mesures prises afin de limiter la diffusion du virus.<\/p>\n\n\n\n<p>Le d\u00e9bat autour de la fiabilit\u00e9 des informations fournies par de nombreux pays a \u00e9t\u00e9 pos\u00e9 au d\u00e9but de la crise sanitaire, notamment face aux \u00ab diplomaties du mensonge des r\u00e9gimes autocratiques \u00bb. 115 pays n&rsquo;ont signal\u00e9, en effet aucun cas. 21 pays n&rsquo;ont signal\u00e9 qu&rsquo;un seul cas et les 5 pays qui avaient signal\u00e9 leurs premiers cas n&rsquo;ont pas effectu\u00e9 de nouveau signalement au cours des mois suivants. Outre la mise en \u00e9vidence du manque de coop\u00e9ration au commencement de l\u2019\u00e9pid\u00e9mie, ces chiffres montrent une forte r\u00e9tention des informations tout au long de la gestion de la crise. Par exemple, la Chine a adopt\u00e9 une communication \u00e9vasive.<\/p>\n\n\n\n<p>En outre, un d\u00e9sint\u00e9r\u00eat politique vis-\u00e0-vis de la sant\u00e9 tend \u00e0 fragiliser l&rsquo;information sanitaire ou \u00e0 la minimiser. Cela pourrait expliquer pourquoi les gouvernements occidentaux n&rsquo;ont agi que tardivement aux avertissements des m\u00e9decins et \u00e9pid\u00e9miologistes. La crise de la Covid-19 a montr\u00e9 la fragilit\u00e9 de l&rsquo;information sanitaire ainsi que sa place dans les \u00e9valuations des risques, qui demeure soumise aux logiques traditionnelles des puissances.<\/p>\n\n\n\n<p>N\u00e9anmoins, l&rsquo;information sanitaire est devenue un outil d\u2019op\u00e9rations d&rsquo;influence. Dans le contexte de la rivalit\u00e9 sino-am\u00e9ricaine, la pand\u00e9mie a fait entrer la Chine et les \u00c9tats-Unis dans une nouvelle forme de \u00ab guerre froide de l&rsquo;information \u00bb. La d\u00e9sinformation a permis, par exemple, aux gouvernements chinois et am\u00e9ricain de renforcer leur influence sur leurs populations et d&rsquo;unir leur nation, en d\u00e9nigrant l&rsquo;adversaire.<\/p>\n\n\n\n<p>Dans cette guerre de l&rsquo;influence, les ambassades, les r\u00e9seaux sociaux, les m\u00e9dias et les services de renseignement, interviennent pour propager la d\u00e9sinformation afin de d\u00e9stabiliser les soci\u00e9t\u00e9s, contr\u00f4ler les opinions publiques et d\u00e9l\u00e9gitimer les gouvernements.<\/p>\n\n\n\n<p>De plus, la pand\u00e9mie a montr\u00e9 que la sant\u00e9 est devenue un param\u00e8tre de pouvoir, d&rsquo;influence. L\u2019information sanitaire y joue une valeur \u00e9conomique importante, comme par exemple, dans la gestion des vaccins anti-Covid-19.<\/p>\n\n\n\n<p>Par ailleurs, la non-suspension des brevets en p\u00e9riode de crise internationale souligne que les jeux de pouvoir et les int\u00e9r\u00eats \u00e9conomiques dominent la coop\u00e9ration internationale. La comp\u00e9tition pour la cr\u00e9ation des vaccins anti-Covid-19 montre comment la sant\u00e9 est conditionn\u00e9e par les strat\u00e9gies \u00e9conomiques et financi\u00e8res des \u00c9tats, des lobbies et des entreprises.<\/p>\n\n\n\n<p>Ainsi, consid\u00e9r\u00e9e par certains \u00c9tats comme un indicateur d&rsquo;h\u00e9g\u00e9monie, l&rsquo;information sanitaire a acc\u00e9l\u00e9r\u00e9 les processus strat\u00e9giques en cours, telle que la rivalit\u00e9 sino-am\u00e9ricaine. Les strat\u00e9gies de d\u00e9sinformation, de r\u00e9tention ou de d\u00e9ni de l&rsquo;information ont cadenc\u00e9 les rivalit\u00e9s globales sur la sc\u00e8ne internationale. La responsabilit\u00e9 de la gestion sanitaire par les autorit\u00e9s publiques s\u2019est manifest\u00e9e par une ambivalence entre la volont\u00e9 d&rsquo;assurer la s\u00e9curit\u00e9 nationale et celle de renforcer son influence internationale.<\/p>\n\n\n\n<p>Les r\u00e9seaux sociaux occupent une part de plus en plus importante dans la communication. Sur le site Internet du <a href=\"https:\/\/www.blogdumoderateur.com\/barometre-meltwater-2023\/\" target=\"_blank\" rel=\"noreferrer noopener\">Blog du Mod\u00e9rateur<\/a>, Fabian Ropars, journaliste, r\u00e9v\u00e8le le barom\u00e8tre de Meltwater sur les <strong>m\u00e9dias sociaux<\/strong>. Cette \u00e9dition 2023 s\u2019appuie sur les r\u00e9ponses de plus de 1 700 professionnels de la communication et du marketing issu du monde entier.<\/p>\n\n\n\n<p>Les grandes plateformes continuer \u00e0 dominer : Facebook (89 %), LinkedIn (87 %) Instagram (84 %), YouTube (67 %), Twitter (66 %) et TikTok (30 %). En France, LinkedIn occupe le haut de podium (91,2 %), suivi par Facebook (84 %), Instagram (83,2 %) et YouTube (64 %).<\/p>\n\n\n\n<p>En 2023, la vid\u00e9o se trouve au c\u0153ur des usages. 46,98 % des r\u00e9pondants ont expliqu\u00e9 vouloir utiliser TikTok. Cette plateforme connait donc le plus de croissance.<\/p>\n\n\n\n<p>En outre, le but principal des strat\u00e9gies Social media est d\u2019accro\u00eetre la notori\u00e9t\u00e9 de la marque (81 %), puis l\u2019augmentation de l\u2019engagement envers la marque (60 %). L\u2019acquisition de nouveaux clients est \u00e9galement une motivation pour 49 % des r\u00e9pondants, et l\u2019augmentation du trafic web par 22 % d\u2019entre eux.<\/p>\n\n\n\n<p>Concernant les KPI, l\u2019indicateur le plus utilis\u00e9 pour mesurer les performances est l\u2019engagement (80 %), le nombre de followers (65 %) et le trafic g\u00e9n\u00e9r\u00e9 sur le site web (59 %). Le ROI est encore peu mesur\u00e9&nbsp;: 17 % seulement des r\u00e9pondants ont dit suivre les revenus g\u00e9n\u00e9r\u00e9s.<\/p>\n\n\n\n<p>Par ailleurs, le contexte actuel (pand\u00e9mie, incertitude \u00e9conomique\u2026) a augment\u00e9 l\u2019importance des r\u00e9seaux sociaux. Selon 52 % des professionnels interrog\u00e9s, les m\u00e9dias sociaux occupent une place plus importante pour leur organisation. En France, pour 59 % des r\u00e9pondants, les r\u00e9seaux sociaux repr\u00e9sentent un canal de communication cl\u00e9 pour s\u2019adresser \u00e0 ses clients ou ses prospects.<\/p>\n\n\n\n<p>Enfin, selon 7 % des personnes questionn\u00e9es, la gestion des r\u00e9seaux sociaux est totalement interne, elle est, en revanche, totalement externalis\u00e9e pour 2,5 % des r\u00e9pondants. De plus, la production de contenu, de vid\u00e9o et les \u00ab\u00a0social ads\u00a0\u00bb sont les t\u00e2ches les plus externalis\u00e9es.<\/p>\n","protected":false},"excerpt":{"rendered":"<p>Le lobbying environnemental, le d\u00e9sint\u00e9r\u00eat des jeunes par rapport \u00e0 l\u2019environnement, l\u2019instrumentalisation de l\u2019information sanitaire et les r\u00e9seaux sociaux&nbsp;: voici les sujets de la revue de web en ce d\u00e9but d\u2019ann\u00e9e. Du lobbying \u00e0 l\u2019\u00e9coanxi\u00e9t\u00e9 Le lobbying est un moyen&#8230;<\/p>\n","protected":false},"author":1,"featured_media":3298,"comment_status":"closed","ping_status":"closed","sticky":false,"template":"","format":"standard","meta":[],"categories":[345],"tags":[390,63,43,297,14,42,40],"_links":{"self":[{"href":"http:\/\/www.valerie-brenugat.fr\/site\/wp-json\/wp\/v2\/posts\/3296"}],"collection":[{"href":"http:\/\/www.valerie-brenugat.fr\/site\/wp-json\/wp\/v2\/posts"}],"about":[{"href":"http:\/\/www.valerie-brenugat.fr\/site\/wp-json\/wp\/v2\/types\/post"}],"author":[{"embeddable":true,"href":"http:\/\/www.valerie-brenugat.fr\/site\/wp-json\/wp\/v2\/users\/1"}],"replies":[{"embeddable":true,"href":"http:\/\/www.valerie-brenugat.fr\/site\/wp-json\/wp\/v2\/comments?post=3296"}],"version-history":[{"count":19,"href":"http:\/\/www.valerie-brenugat.fr\/site\/wp-json\/wp\/v2\/posts\/3296\/revisions"}],"predecessor-version":[{"id":3323,"href":"http:\/\/www.valerie-brenugat.fr\/site\/wp-json\/wp\/v2\/posts\/3296\/revisions\/3323"}],"wp:featuredmedia":[{"embeddable":true,"href":"http:\/\/www.valerie-brenugat.fr\/site\/wp-json\/wp\/v2\/media\/3298"}],"wp:attachment":[{"href":"http:\/\/www.valerie-brenugat.fr\/site\/wp-json\/wp\/v2\/media?parent=3296"}],"wp:term":[{"taxonomy":"category","embeddable":true,"href":"http:\/\/www.valerie-brenugat.fr\/site\/wp-json\/wp\/v2\/categories?post=3296"},{"taxonomy":"post_tag","embeddable":true,"href":"http:\/\/www.valerie-brenugat.fr\/site\/wp-json\/wp\/v2\/tags?post=3296"}],"curies":[{"name":"wp","href":"https:\/\/api.w.org\/{rel}","templated":true}]}}