{"id":3907,"date":"2025-10-31T18:32:54","date_gmt":"2025-10-31T17:32:54","guid":{"rendered":"http:\/\/www.valerie-brenugat.fr\/site\/?p=3907"},"modified":"2026-01-12T18:48:58","modified_gmt":"2026-01-12T17:48:58","slug":"infox-influence-et-science","status":"publish","type":"post","link":"http:\/\/www.valerie-brenugat.fr\/site\/infox-influence-et-science\/","title":{"rendered":"INFOX, INFLUENCE ET SCIENCE"},"content":{"rendered":"\n<p>Les fake news, l\u2019information et l\u2019influence d\u2019un entrepreneur de la high tech&nbsp;: voici les sujets de cette revue de web d\u2019octobre.<\/p>\n\n\n\n<p><strong>La d\u00e9sinformation et la technologie<\/strong><\/p>\n\n\n\n<figure class=\"wp-block-embed is-type-video is-provider-youtube wp-block-embed-youtube wp-embed-aspect-16-9 wp-has-aspect-ratio\"><div class=\"wp-block-embed__wrapper\">\n<iframe loading=\"lazy\" title=\"L\u2019infox \u00e0 l\u2019heure de l\u2019intelligence artificielle [Nicolas Curien]\" width=\"640\" height=\"360\" src=\"https:\/\/www.youtube.com\/embed\/RgjIO1EKbtE?feature=oembed\" frameborder=\"0\" allow=\"accelerometer; autoplay; clipboard-write; encrypted-media; gyroscope; picture-in-picture; web-share\" referrerpolicy=\"strict-origin-when-cross-origin\" allowfullscreen><\/iframe>\n<\/div><\/figure>\n\n\n\n<p>Si les<strong> fausses informations<\/strong> existent de tout temps, elles connaissent aujourd\u2019hui un d\u00e9veloppement tr\u00e8s important sur les r\u00e9seaux sociaux. Ce ph\u00e9nom\u00e8ne est amplifi\u00e9 par l\u2019emploi des outils num\u00e9riques, notamment de l\u2019intelligence artificielle g\u00e9n\u00e9rative. Cette d\u00e9sinformation \u00e0 grande \u00e9chelle de l\u2019espace num\u00e9rique, qui menace l\u2019acc\u00e8s des citoyens \u00e0 l\u2019information et \u00e0 la connaissance, n\u00e9cessite un esprit critique. Les fake news peuvent \u00e9galement perturber une politique de sant\u00e9 publique et transmettre des contre-v\u00e9rit\u00e9s scientifiques. Polytechnicien et ing\u00e9nieur des mines, Nicolas Curien, professeur \u00e9m\u00e9rite du Cnam (Conservatoire national des arts et m\u00e9tiers) et membre fondateur de l\u2019Acad\u00e9mie des technologies explique le ph\u00e9nom\u00e8ne de la d\u00e9sinformation \u00e0 l&rsquo;\u00e8re de l&rsquo;Intelligence Artificielle lors d&rsquo;un Mardi de l&rsquo;Espace des sciences \u00e0 Rennes.<\/p>\n\n\n\n<figure class=\"wp-block-embed is-type-video is-provider-youtube wp-block-embed-youtube wp-embed-aspect-16-9 wp-has-aspect-ratio\"><div class=\"wp-block-embed__wrapper\">\n<iframe loading=\"lazy\" title=\"La Fabrique du Mensonge : Elon Musk, la conqu\u00eate du pouvoir en 80 000 tweets - DOCUMENTAIRE COMPLET\" width=\"640\" height=\"360\" src=\"https:\/\/www.youtube.com\/embed\/Fq6R76B_Sx0?feature=oembed\" frameborder=\"0\" allow=\"accelerometer; autoplay; clipboard-write; encrypted-media; gyroscope; picture-in-picture; web-share\" referrerpolicy=\"strict-origin-when-cross-origin\" allowfullscreen><\/iframe>\n<\/div><\/figure>\n\n\n\n<p>Certaines fausses informations sont transmises par des patrons visionnaires comme Elon Musk. Depuis quinze ans, cet entrepreneur communique fortement sur Twitter. En analysant ses tweets, les journalistes Pierre Z\u00e9au et Jaouhar Nadi r\u00e9v\u00e8lent comment Elon Musk a b\u00e2ti son propre r\u00e9cit, diffus\u00e9 certaines fausses informations et impos\u00e9 son <strong>influence <\/strong>dans leur documentaire \u00ab\u00a0<em>Elon Musk, la conqu\u00eate du pouvoir en 80 000 tweets<\/em>\u00a0\u00bb de la s\u00e9rie \u00ab\u00a0<em>La Fabrique du Mensonge<\/em>\u00a0\u00bb diffus\u00e9e sur la plateforme de France T\u00e9l\u00e9visions. Ainsi, l\u2019entrepreneur a secou\u00e9 les march\u00e9s, orient\u00e9 l&rsquo;opinion publique et menac\u00e9 les fondements de la d\u00e9mocratie. Une autre facette de cette ic\u00f4ne de \u00ab\u00a0sauveur de l&rsquo;humanit\u00e9\u00a0\u00bb est d\u00e9voil\u00e9e&nbsp;:&nbsp; celle d\u2019un patron autoritaire et impr\u00e9visible, dont la fortune et le pouvoir d\u00e9passent celles de plusieurs Etats.<\/p>\n\n\n\n<p><strong>De la science \u00e0 l\u2019information<\/strong><\/p>\n\n\n\n<figure class=\"wp-block-embed is-type-video is-provider-youtube wp-block-embed-youtube wp-embed-aspect-16-9 wp-has-aspect-ratio\"><div class=\"wp-block-embed__wrapper\">\n<iframe loading=\"lazy\" title=\"Etienne Klein, la t\u00eate dans les nuages | UEF 2025\" width=\"640\" height=\"360\" src=\"https:\/\/www.youtube.com\/embed\/0rotFdrZsbc?feature=oembed\" frameborder=\"0\" allow=\"accelerometer; autoplay; clipboard-write; encrypted-media; gyroscope; picture-in-picture; web-share\" referrerpolicy=\"strict-origin-when-cross-origin\" allowfullscreen><\/iframe>\n<\/div><\/figure>\n\n\n\n<p>Lutter contre la <strong>d\u00e9sinformation<\/strong> figure parmi les combats d\u2019Etienne Klein, physicien et philosophe des sciences. Lors du forum \u00ab\u00a0<em>Une \u00e9poque formidable<\/em>\u00a0\u00bb organis\u00e9 par La Tribune Ev\u00e9nements, dans un format \u00ab face-\u00e0-face \u00bb avec l\u2019aide d\u2019un nuage de mots projet\u00e9s sur l\u2019\u00e9cran, le centralien partage ses passions, ses inqui\u00e9tudes, ses esp\u00e9rances et ses luttes.<\/p>\n\n\n\n<figure class=\"wp-block-embed is-type-video is-provider-youtube wp-block-embed-youtube wp-embed-aspect-16-9 wp-has-aspect-ratio\"><div class=\"wp-block-embed__wrapper\">\n<iframe loading=\"lazy\" title=\"Une Epoque Formidable | Replay complet du lundi 13 octobre 2025\" width=\"640\" height=\"360\" src=\"https:\/\/www.youtube.com\/embed\/Atgm0etuIdE?feature=oembed\" frameborder=\"0\" allow=\"accelerometer; autoplay; clipboard-write; encrypted-media; gyroscope; picture-in-picture; web-share\" referrerpolicy=\"strict-origin-when-cross-origin\" allowfullscreen><\/iframe>\n<\/div><\/figure>\n\n\n\n<p>Invit\u00e9 \u00ab permanent \u00bb de la journ\u00e9e, Etienne Klein est aussi intervenu en conclusion de chaque d\u00e9bat mais cet exercice s\u2019est parfois r\u00e9v\u00e9l\u00e9 difficile.<\/p>\n\n\n\n<figure class=\"wp-block-embed is-type-video is-provider-youtube wp-block-embed-youtube wp-embed-aspect-16-9 wp-has-aspect-ratio\"><div class=\"wp-block-embed__wrapper\">\n<iframe loading=\"lazy\" title=\"INFORMER SANS D\u00c9PRIMER : un nouvel enjeu pour les m\u00e9dias en France\" width=\"640\" height=\"360\" src=\"https:\/\/www.youtube.com\/embed\/d_dkTPUFfEE?feature=oembed\" frameborder=\"0\" allow=\"accelerometer; autoplay; clipboard-write; encrypted-media; gyroscope; picture-in-picture; web-share\" referrerpolicy=\"strict-origin-when-cross-origin\" allowfullscreen><\/iframe>\n<\/div><\/figure>\n\n\n\n<p>Devant un flot d\u2019informations jug\u00e9es trop n\u00e9gatives, le public cherche \u00e0 se prot\u00e9ger en d\u00e9sactivant les notifications ou en d\u00e9sertant les m\u00e9dias traditionnels. Dans ce num\u00e9ro du magazine<em> La fabrique de l&rsquo;information<\/em> de France Culture \u00ab\u00a0<em>Informer sans d\u00e9primer : un nouvel enjeu pour les m\u00e9dias en France<\/em>\u00ab\u00a0, le journaliste Fran\u00e7ois Saltiel a re\u00e7u David Medioni, journaliste ind\u00e9pendant et directeur de l\u2019Observatoire des m\u00e9dias de la Fondation Jean-Jaur\u00e8s, Juliette Quef, journaliste et directrice du m\u00e9dia ind\u00e9pendant<em> Vert<\/em> et Pauline Amiel, sociologue des m\u00e9dias et directrice de \u00c9cole de Journalisme et de Communication d&rsquo;Aix-Marseille pour parler de la <strong>fatigue informationnelle<\/strong>. Le journalisme de solution abord\u00e9 par ces experts est pr\u00e9sent\u00e9 comme une alternative pour le public souffrant de cette abondance d\u2019actualit\u00e9s.<\/p>\n","protected":false},"excerpt":{"rendered":"<p>Les fake news, l\u2019information et l\u2019influence d\u2019un entrepreneur de la high tech&nbsp;: voici les sujets de cette revue de web d\u2019octobre. La d\u00e9sinformation et la technologie Si les fausses informations existent de tout temps, elles connaissent aujourd\u2019hui un d\u00e9veloppement tr\u00e8s&#8230;<\/p>\n","protected":false},"author":1,"featured_media":3909,"comment_status":"closed","ping_status":"closed","sticky":false,"template":"","format":"standard","meta":[],"categories":[382],"tags":[511,295,26,134,24,14,42,40],"_links":{"self":[{"href":"http:\/\/www.valerie-brenugat.fr\/site\/wp-json\/wp\/v2\/posts\/3907"}],"collection":[{"href":"http:\/\/www.valerie-brenugat.fr\/site\/wp-json\/wp\/v2\/posts"}],"about":[{"href":"http:\/\/www.valerie-brenugat.fr\/site\/wp-json\/wp\/v2\/types\/post"}],"author":[{"embeddable":true,"href":"http:\/\/www.valerie-brenugat.fr\/site\/wp-json\/wp\/v2\/users\/1"}],"replies":[{"embeddable":true,"href":"http:\/\/www.valerie-brenugat.fr\/site\/wp-json\/wp\/v2\/comments?post=3907"}],"version-history":[{"count":8,"href":"http:\/\/www.valerie-brenugat.fr\/site\/wp-json\/wp\/v2\/posts\/3907\/revisions"}],"predecessor-version":[{"id":3917,"href":"http:\/\/www.valerie-brenugat.fr\/site\/wp-json\/wp\/v2\/posts\/3907\/revisions\/3917"}],"wp:featuredmedia":[{"embeddable":true,"href":"http:\/\/www.valerie-brenugat.fr\/site\/wp-json\/wp\/v2\/media\/3909"}],"wp:attachment":[{"href":"http:\/\/www.valerie-brenugat.fr\/site\/wp-json\/wp\/v2\/media?parent=3907"}],"wp:term":[{"taxonomy":"category","embeddable":true,"href":"http:\/\/www.valerie-brenugat.fr\/site\/wp-json\/wp\/v2\/categories?post=3907"},{"taxonomy":"post_tag","embeddable":true,"href":"http:\/\/www.valerie-brenugat.fr\/site\/wp-json\/wp\/v2\/tags?post=3907"}],"curies":[{"name":"wp","href":"https:\/\/api.w.org\/{rel}","templated":true}]}}