{"id":4094,"date":"2026-08-31T11:22:08","date_gmt":"2026-08-31T10:22:08","guid":{"rendered":"http:\/\/www.valerie-brenugat.fr\/site\/?p=4094"},"modified":"2026-08-31T11:29:53","modified_gmt":"2026-08-31T10:29:53","slug":"information-mediation-et-temps-long","status":"publish","type":"post","link":"http:\/\/www.valerie-brenugat.fr\/site\/information-mediation-et-temps-long\/","title":{"rendered":"INFORMATION, MEDIATION ET TEMPS LONG"},"content":{"rendered":"\n<p class=\"wp-block-paragraph\">Entre la contemplation collective d\u2019une \u00e9clipse solaire et la lutte contre la d\u00e9sinformation institutionnalis\u00e9e, l\u2019actualit\u00e9 r\u00e9cente met en lumi\u00e8re un enjeu fondamental : notre rapport \u00e0 la connaissance et au temps. Ce nouveau billet explore le fil rouge qui relie la m\u00e9diation scientifique, l&rsquo;urgence climatique et la d\u00e9fense de nos d\u00e9mocraties.<\/p>\n\n\n\n<p class=\"wp-block-paragraph\">De l&rsquo;\u00e9merveillement partag\u00e9 sous le ciel europ\u00e9en aux d\u00e9bats de La REF 2026 sur la guerre informationnelle et la tyrannie de l&rsquo;imm\u00e9diatet\u00e9, retour sur quatre temps forts qui rappellent une m\u00eame \u00e9vidence. Face aux strat\u00e9gies de d\u00e9ni, aux menaces d&rsquo;ing\u00e9rence et \u00e0 la dictature de l&rsquo;instant, la rigueur de l&rsquo;information, le temps long et l&rsquo;hygi\u00e8ne num\u00e9rique ne sont plus de simples id\u00e9aux \u00e9thiques, mais les v\u00e9ritables boucliers de notre soci\u00e9t\u00e9.<\/p>\n\n\n\n<p class=\"wp-block-paragraph\"><strong>Du savoir partag\u00e9 aux faits contest\u00e9s<\/strong><\/p>\n\n\n\n<p class=\"wp-block-paragraph\">Retour en images sur un rendez-vous c\u00e9leste d&rsquo;exception<strong>.<\/strong> Le 12 ao\u00fbt dernier, l\u2019Europe s\u2019est fig\u00e9e pour contempler une \u00e9clipse solaire spectaculaire. Dans ce <a href=\"https:\/\/youtu.be\/BKNvQVow9Sw\" data-type=\"link\" data-id=\"https:\/\/youtu.be\/BKNvQVow9Sw\" target=\"_blank\" rel=\"noreferrer noopener\">diaporama<\/a> de 24 clich\u00e9s captur\u00e9s \u00e0 travers le continent, l&rsquo;AFP retrace pas \u00e0 pas la progression du ph\u00e9nom\u00e8ne : des premiers croissants filtr\u00e9s par les nuages \u00e0 Nice ou Berlanga de Duero, jusqu&rsquo;\u00e0 la majestueuse couronne solaire observable lors de la phase totale en Espagne. Au-del\u00e0 de la prouesse astronomique, cette s\u00e9quence vid\u00e9o met en lumi\u00e8re la dimension humaine et p\u00e9dagogique de l&rsquo;\u00e9v\u00e9nement. Entre masques de soudure improvis\u00e9s, filtres de smartphones et sourires partag\u00e9s, ce r\u00e9cit visuel illustre \u00e0 merveille le r\u00f4le de la <strong>m\u00e9diation scientifique<\/strong> : transformer un concept abstrait en un moment d&rsquo;\u00e9motion collective et rendre le savoir universellement accessible.<\/p>\n\n\n\n<p class=\"wp-block-paragraph\">Cette dimension f\u00e9d\u00e9ratrice de la science trouve toutefois son revers d\u00e8s lors que les faits deviennent l&rsquo;objet de contestations politiques et id\u00e9ologiques.Dans l\u2019entretien diffus\u00e9 par <a href=\"https:\/\/youtu.be\/V-WaG9QNAZ8\" target=\"_blank\" rel=\"noreferrer noopener\">TV5MONDE<\/a>, la climatologue du CEA, Val\u00e9rie Masson-Delmotte, le climatologue de l\u2019Universit\u00e9 d\u2019Etat de Pennsylvanie, Michael E. Mann et la militante Hindou Oumarou Ibrahim analysent les rouages du d\u00e9ni climatique institutionnalis\u00e9. De l\u2019affaiblissement des lois environnementales en Argentine au bannissement pur et simple du vocabulaire climatique officiel aux \u00c9tats-Unis, les invit\u00e9s mettent en garde contre la strat\u00e9gie des \u00ab 3P \u00bb \u2014 Populisme, Polarisation, Post-v\u00e9rit\u00e9. Face \u00e0 cette censure des mots et aux attaques cibl\u00e9es contre la libert\u00e9 acad\u00e9mique, la s\u00e9quence rappelle que si l&rsquo;on peut effacer un terme des rapports officiels, on n&rsquo;efface pas la r\u00e9alit\u00e9 des impacts sur le terrain, faisant de la rigueur de l&rsquo;<strong>information scientifique<\/strong> un rempart plus que jamais indispensable.<\/p>\n\n\n\n<p class=\"wp-block-paragraph\"><strong>L&rsquo;information sous pression<\/strong><\/p>\n\n\n\n<p class=\"wp-block-paragraph\">Cette exigence de v\u00e9rit\u00e9 ne s&rsquo;arr\u00eate pas aux fronti\u00e8res du climat, elle constitue d\u00e9sormais la premi\u00e8re ligne de d\u00e9fense de nos soci\u00e9t\u00e9s face aux guerres de l&rsquo;information. \u00c0 l\u2019occasion de l\u2019\u00e9dition 2026 de La REF du MEDEF, la table ronde <em>\u00ab Sommes-nous pr\u00eats \u00e0 affronter la guerre ? \u00bb<\/em> a jet\u00e9 un \u00e9clairage brut sur les menaces hybrides qui p\u00e8sent d\u00e9sormais sur nos d\u00e9mocraties et nos entreprises. Si les interventions de Fabien Mandon, Chef d&rsquo;\u00c9tat-Major des Arm\u00e9es, et des industriels ont rappel\u00e9 l&rsquo;urgence d&rsquo;une r\u00e9silience \u00e9conomique et capacitaire, le d\u00e9bat a surtout mis en exergue le r\u00f4le pivot du champ informationnel. De la d\u00e9nonciation des ing\u00e9rences par C\u00e9cile Berthon, \u00a0directrice g\u00e9n\u00e9rale de la DGSI \u00e0 l&rsquo;appel de David Colon, enseignant et chercheur \u00e0 Sciences Popour une prise de conscience collective, un constat s&rsquo;impose : l&rsquo;information est devenue une arme d&rsquo;ing\u00e9rence massive. Face \u00e0 la prolif\u00e9ration des<strong> <em>fake news<\/em> <\/strong>et aux tentatives de d\u00e9stabilisation \u00e9conomique ou scientifique, le rappel d&rsquo;\u00c9ric Trappier, le PDG de Dassault Aviation sur la n\u00e9cessit\u00e9 d&rsquo;un journalisme rigoureux r\u00e9sume parfaitement le d\u00e9fi actuel. Pour les acteurs de la communication et de la m\u00e9diation scientifique, le message est limpide : la v\u00e9rification des faits, le d\u00e9cryptage p\u00e9dagogique et l&rsquo;hygi\u00e8ne num\u00e9rique ne sont plus seulement des exigences \u00e9thiques, mais de v\u00e9ritables piliers de notre souverainet\u00e9 et de notre s\u00e9curit\u00e9 collective.<\/p>\n\n\n\n<figure class=\"wp-block-embed is-type-video is-provider-youtube wp-block-embed-youtube wp-embed-aspect-16-9 wp-has-aspect-ratio\"><div class=\"wp-block-embed__wrapper\">\n<iframe loading=\"lazy\" title=\"#LAREF26 | D\u00c9BAT | SOMMES-NOUS PR\u00caTS \u00c0 AFFRONTER LA GUERRE ?\" width=\"640\" height=\"360\" src=\"https:\/\/www.youtube.com\/embed\/rnRf0GgZaBA?feature=oembed\" frameborder=\"0\" allow=\"accelerometer; autoplay; clipboard-write; encrypted-media; gyroscope; picture-in-picture; web-share\" referrerpolicy=\"strict-origin-when-cross-origin\" allowfullscreen><\/iframe>\n<\/div><\/figure>\n\n\n\n<p class=\"wp-block-paragraph\">Cette d\u00e9fense de notre s\u00e9curit\u00e9 collective implique aussi de r\u00e9sister \u00e0 la vitesse ambiante, qui menace de sacrifier l&rsquo;analyse critique sur l&rsquo;autel de l&rsquo;instant. Lors de la conf\u00e9rence <strong>\u00ab <\/strong>L\u2019imm\u00e9diatet\u00e9 a-t-elle remplac\u00e9 l\u2019histoire ?<strong> \u00bb<\/strong> organis\u00e9e par le MEDEF et anim\u00e9e par le pr\u00e9sident de la chaine LCP-Assembl\u00e9e nationale, Emmanuel Kessler<strong>, <\/strong>\u00a0la pr\u00e9sidente de l&rsquo;Assembl\u00e9e nationale Ya\u00ebl Braun-Pivet, la PDG de Radio France Sibyle Veil, le sociologue de Sorbonne Universit\u00e9 G\u00e9rald Bronner, \u00a0la philosophe de Fondation Jean-Jaur\u00e8s Gabrielle Alpern et l\u2019entrepreneur Alexandre Mars ont explor\u00e9 les d\u00e9rives de notre soci\u00e9t\u00e9 de l&rsquo;urgence. Entre la surabondance d&rsquo;informations, la tyrannie des algorithmes et la dictature de l&rsquo;\u00e9motion instantan\u00e9e, les intervenants ont mis en lumi\u00e8re le ph\u00e9nom\u00e8ne du \u00ab pr\u00e9sent cannibal \u00bb qui asphyxie notre vision du long terme. Pour faire face \u00e0 ces d\u00e9fis accentu\u00e9s par l&rsquo;\u00e9mergence de l&rsquo;intelligence artificielle, le panel appelle \u00e0 un sursaut collectif : r\u00e9tablir une r\u00e9gulation forte, revaloriser les<strong> m\u00e9dias <\/strong>de confiance et faire preuve de courage politique pour privil\u00e9gier la concertation et la planification strat\u00e9gique sur la \u00ab politique de l&rsquo;essuie-glace \u00bb. Un d\u00e9bat essentiel pour comprendre comment concilier r\u00e9activit\u00e9 au quotidien et construction de l&rsquo;avenir.<\/p>\n\n\n\n<figure class=\"wp-block-embed is-type-video is-provider-youtube wp-block-embed-youtube wp-embed-aspect-16-9 wp-has-aspect-ratio\"><div class=\"wp-block-embed__wrapper\">\n<iframe loading=\"lazy\" title=\"#LAREF26 | D\u00c9BAT | L\u2019IMM\u00c9DIATET\u00c9 A-T-ELLE REMPLAC\u00c9 L\u2019HISTOIRE ?\" width=\"640\" height=\"360\" src=\"https:\/\/www.youtube.com\/embed\/w6ah9jVTWZM?feature=oembed\" frameborder=\"0\" allow=\"accelerometer; autoplay; clipboard-write; encrypted-media; gyroscope; picture-in-picture; web-share\" referrerpolicy=\"strict-origin-when-cross-origin\" allowfullscreen><\/iframe>\n<\/div><\/figure>\n\n\n\n<p class=\"wp-block-paragraph\">Qu\u2019il s\u2019agisse de partager l\u2019\u00e9merveillement d\u2019un ph\u00e9nom\u00e8ne c\u00e9leste ou de d\u00e9jouer les pi\u00e8ges de la d\u00e9sinformation et de l\u2019imm\u00e9diatet\u00e9, ces sujets r\u00e9sonnent directement avec la raison d&rsquo;\u00eatre de mon parcours : mettre la rigueur de la m\u00e9diation et du journalisme scientifique au service du d\u00e9bat public.<\/p>\n\n\n\n<p class=\"wp-block-paragraph\">Dans un paysage satur\u00e9 o\u00f9 les faits sont contest\u00e9s et o\u00f9 l&rsquo;urgence dicte trop souvent l&rsquo;agenda, d\u00e9crypter la complexit\u00e9 n&rsquo;est plus seulement une question de p\u00e9dagogie. C&rsquo;est un engagement quotidien pour revaloriser le temps long, consolider la confiance dans la parole scientifique et fournir \u00e0 chacun les cl\u00e9s de compr\u00e9hension indispensables face aux grands d\u00e9fis industriels, soci\u00e9taux et environnementaux.<\/p>\n","protected":false},"excerpt":{"rendered":"<p>Entre la contemplation collective d\u2019une \u00e9clipse solaire et la lutte contre la d\u00e9sinformation institutionnalis\u00e9e, l\u2019actualit\u00e9 r\u00e9cente met en lumi\u00e8re un enjeu fondamental : notre rapport \u00e0 la connaissance et au temps. Ce nouveau billet explore le fil rouge qui relie&#8230;<\/p>\n","protected":false},"author":1,"featured_media":4095,"comment_status":"closed","ping_status":"closed","sticky":false,"template":"","format":"standard","meta":{"footnotes":""},"categories":[377],"tags":[138,63,43,455,292,26,134,24,535,474,40,197],"class_list":["post-4094","post","type-post","status-publish","format-standard","has-post-thumbnail","hentry","category-revue-de-web-septembre","tag-climat","tag-communication","tag-environnement","tag-fake-news","tag-industrie","tag-information","tag-journalisme","tag-medias","tag-mediation-scientifique","tag-parole","tag-science","tag-societe"],"_links":{"self":[{"href":"http:\/\/www.valerie-brenugat.fr\/site\/wp-json\/wp\/v2\/posts\/4094","targetHints":{"allow":["GET"]}}],"collection":[{"href":"http:\/\/www.valerie-brenugat.fr\/site\/wp-json\/wp\/v2\/posts"}],"about":[{"href":"http:\/\/www.valerie-brenugat.fr\/site\/wp-json\/wp\/v2\/types\/post"}],"author":[{"embeddable":true,"href":"http:\/\/www.valerie-brenugat.fr\/site\/wp-json\/wp\/v2\/users\/1"}],"replies":[{"embeddable":true,"href":"http:\/\/www.valerie-brenugat.fr\/site\/wp-json\/wp\/v2\/comments?post=4094"}],"version-history":[{"count":2,"href":"http:\/\/www.valerie-brenugat.fr\/site\/wp-json\/wp\/v2\/posts\/4094\/revisions"}],"predecessor-version":[{"id":4097,"href":"http:\/\/www.valerie-brenugat.fr\/site\/wp-json\/wp\/v2\/posts\/4094\/revisions\/4097"}],"wp:featuredmedia":[{"embeddable":true,"href":"http:\/\/www.valerie-brenugat.fr\/site\/wp-json\/wp\/v2\/media\/4095"}],"wp:attachment":[{"href":"http:\/\/www.valerie-brenugat.fr\/site\/wp-json\/wp\/v2\/media?parent=4094"}],"wp:term":[{"taxonomy":"category","embeddable":true,"href":"http:\/\/www.valerie-brenugat.fr\/site\/wp-json\/wp\/v2\/categories?post=4094"},{"taxonomy":"post_tag","embeddable":true,"href":"http:\/\/www.valerie-brenugat.fr\/site\/wp-json\/wp\/v2\/tags?post=4094"}],"curies":[{"name":"wp","href":"https:\/\/api.w.org\/{rel}","templated":true}]}}